{"id":109,"date":"2015-02-23T16:42:16","date_gmt":"2015-02-23T14:42:16","guid":{"rendered":"http:\/\/www.myphotobook.it\/myinspirations\/?post_type=portfolio&#038;p=109"},"modified":"2023-03-16T08:48:52","modified_gmt":"2023-03-16T07:48:52","slug":"da-tela-da-parete-a-bacheca-appenditutto","status":"publish","type":"post","link":"https:\/\/www.myphotobook.it\/myinspirations\/da-tela-da-parete-a-bacheca-appenditutto\/","title":{"rendered":"Da tela da parete a bacheca appenditutto"},"content":{"rendered":"<h1><strong>DA TELA DA PARETE A BACHECA APPENDITUTTO<\/strong><\/h1>\n<p>Hai mai avuto la sensazione che una tela da parete potesse fare molto pi\u00f9 che restarsene appesa? Oggi ti mostriamo come fare della tua tela una pratica bacheca dove appendere qualsiasi cosa ti venga in mente.<\/p>\n<h2><strong>Ti servono:<\/strong><\/h2>\n<ul>\n<li><strong>tela da parete<\/strong><\/li>\n<li><strong>natro di stoffa, elastici o spago colorato<\/strong><\/li>\n<li><strong>piccole mollette<\/strong><\/li>\n<li><strong>puntine, spillatrice o pistola a colla<\/strong><\/li>\n<\/ul>\n<p>&nbsp;<\/p>\n<p><img decoding=\"async\" class=\"alignleft wp-image-111 \" src=\"https:\/\/www.myphotobook.it\/myinspirations\/wp-content\/uploads\/sites\/5\/2015\/02\/IMG_0697-220150218-300x265.jpg\" alt=\"IMG_0697 220150218\" width=\"334\" height=\"268\" \/>Ai posti di comando e via!<\/p>\n<p>Troverai tutto ci\u00f2 di cui hai bisogno in qualsiasi cartoleria o negozio di decorazioni. Tutto ci\u00f2 che ti servir\u00e0 \u00e8 \u2013 naturalmente \u2013 una tela con il tuo soggetto preferito (noi abbiamo scelto delle bandierine svolazzanti su un cielo azzurro come sfondo), un paio di nastrini di stoffa (in alternativa degli elastici o spaghi) e delle mollettine per fissare le tue foto o i tuoi appunti.<\/p>\n<p>Grazie al nostro editor online puoi scegliere tra diversi formati. Pensa bene a dove vorrai posizionare la tua bacheca appenditutto: piccola e portatile per la scrivania oppure grande e spaziosa per la parete in cucina? Una volta scelto il formato dovrai solo caricare tramite l\u2019editor online la tua foto preferita e poi potrai ordinare la tela.<\/p>\n<p>Una volta ricevuta la tela potrai fissare i nastrini sul retro: decidi tu quanti nastrini vuoi fissare e a quale distanza gli uni dagli altri. Il modo migliore per fissarli \u00e8 usare una spillatrice o delle puntine che si lasciano inserire molto facilmente nel legno morbido della cornice della tela. In caso puoi aiutarti con un piccolo martello.<\/p>\n<p>&nbsp;<\/p>\n<p><a href=\"https:\/\/www.myphotobook.it\/myinspirations\/wp-content\/uploads\/sites\/5\/2015\/02\/IMG_0823-220150218.jpg\"><img decoding=\"async\" class=\"alignright wp-image-110\" src=\"https:\/\/www.myphotobook.it\/myinspirations\/wp-content\/uploads\/sites\/5\/2015\/02\/IMG_0823-220150218-300x188.jpg\" alt=\"IMG_0823 220150218\" width=\"340\" height=\"234\" \/><\/a> Non appena avrai finito di fissare i nastrini potrai iniziare, grazie alle mollette, ad appendere alla tua nuova bacheca personalizzata le tue foto preferite o i tuoi appunti.<\/p>\n<p>Potrai cos\u00ec sempre tenere i tuoi momenti preferiti sottocchio\u2026 oppure ricordare tutti i tuoi appuntamenti!<\/p>\n<p>Ora tocca a te. Hai gi\u00e0 pensato a qualche bella foto da trasformare in bacheca appenditutto?<\/p>\n<p>Ti auguro buon divertimento!<\/p>\n<p>&nbsp;<\/p>\n<p>&nbsp;<\/p>\n<p><a href=\"https:\/\/www.myphotobook.it\/myinspirations\/wp-content\/uploads\/sites\/5\/2014\/10\/unterschrift_Andrea.png\"><img decoding=\"async\" class=\"alignnone wp-image-63\" src=\"https:\/\/www.myphotobook.it\/myinspirations\/wp-content\/uploads\/sites\/5\/2014\/10\/unterschrift_Andrea-300x240.png\" alt=\"unterschrift_Andrea\" width=\"224\" height=\"170\" \/><\/a><\/p>\n","protected":false},"excerpt":{"rendered":"<p>DA TELA DA PARETE A BACHECA APPENDITUTTO Hai mai avuto la sensazione che una tela da parete potesse fare molto pi\u00f9 che restarsene appesa? Oggi ti mostriamo come fare della tua tela una pratica bacheca dove appendere qualsiasi cosa ti venga in mente. Ti servono: tela da parete natro di stoffa, elastici o spago colorato [&hellip;]<\/p>\n","protected":false},"author":6,"featured_media":2588,"comment_status":"closed","ping_status":"open","sticky":false,"template":"","format":"standard","meta":{"inline_featured_image":false,"_uag_custom_page_level_css":"","site-sidebar-layout":"default","site-content-layout":"","ast-site-content-layout":"default","site-content-style":"default","site-sidebar-style":"default","ast-global-header-display":"","ast-banner-title-visibility":"","ast-main-header-display":"","ast-hfb-above-header-display":"","ast-hfb-below-header-display":"","ast-hfb-mobile-header-display":"","site-post-title":"","ast-breadcrumbs-content":"","ast-featured-img":"","footer-sml-layout":"","ast-disable-related-posts":"","theme-transparent-header-meta":"","adv-header-id-meta":"","stick-header-meta":"","header-above-stick-meta":"","header-main-stick-meta":"","header-below-stick-meta":"","astra-migrate-meta-layouts":"default","ast-page-background-enabled":"default","ast-page-background-meta":{"desktop":{"background-color":"var(--ast-global-color-4)","background-image":"","background-repeat":"repeat","background-position":"center center","background-size":"auto","background-attachment":"scroll","background-type":"","background-media":"","overlay-type":"","overlay-color":"","overlay-opacity":"","overlay-gradient":""},"tablet":{"background-color":"","background-image":"","background-repeat":"repeat","background-position":"center center","background-size":"auto","background-attachment":"scroll","background-type":"","background-media":"","overlay-type":"","overlay-color":"","overlay-opacity":"","overlay-gradient":""},"mobile":{"background-color":"","background-image":"","background-repeat":"repeat","background-position":"center center","background-size":"auto","background-attachment":"scroll","background-type":"","background-media":"","overlay-type":"","overlay-color":"","overlay-opacity":"","overlay-gradient":""}},"ast-content-background-meta":{"desktop":{"background-color":"var(--ast-global-color-5)","background-image":"","background-repeat":"repeat","background-position":"center center","background-size":"auto","background-attachment":"scroll","background-type":"","background-media":"","overlay-type":"","overlay-color":"","overlay-opacity":"","overlay-gradient":""},"tablet":{"background-color":"var(--ast-global-color-5)","background-image":"","background-repeat":"repeat","background-position":"center center","background-size":"auto","background-attachment":"scroll","background-type":"","background-media":"","overlay-type":"","overlay-color":"","overlay-opacity":"","overlay-gradient":""},"mobile":{"background-color":"var(--ast-global-color-5)","background-image":"","background-repeat":"repeat","background-position":"center center","background-size":"auto","background-attachment":"scroll","background-type":"","background-media":"","overlay-type":"","overlay-color":"","overlay-opacity":"","overlay-gradient":""}},"footnotes":""},"categories":[5],"tags":[],"class_list":["post-109","post","type-post","status-publish","format-standard","has-post-thumbnail","hentry","category-faidate"],"yoast_head":"<!-- This site is optimized with the Yoast SEO Premium plugin v28.4 (Yoast SEO v28.4) - https:\/\/yoast.com\/product\/yoast-seo-premium-wordpress\/ -->\n<title>Da tela da parete a bacheca appenditutto * MyInspirations * La rivista di MyPhotoBook<\/title>\n<meta name=\"description\" content=\"Hai mai la sensazione che una tela da parete possa fare molto pi\u00f9 che restarsene appesa? Oggi ti mostriamo come fare della tua tela un pratico appenditutto.\" \/>\n<meta name=\"robots\" content=\"index, follow, max-snippet:-1, max-image-preview:large, max-video-preview:-1\" \/>\n<link rel=\"canonical\" href=\"https:\/\/www.myphotobook.it\/myinspirations\/da-tela-da-parete-a-bacheca-appenditutto\/\" \/>\n<meta property=\"og:locale\" content=\"it_IT\" \/>\n<meta property=\"og:type\" content=\"article\" \/>\n<meta property=\"og:title\" content=\"Da tela da parete a bacheca appenditutto\" \/>\n<meta property=\"og:description\" content=\"Hai mai la sensazione che una tela da parete possa fare molto pi\u00f9 che restarsene appesa? Oggi ti mostriamo come fare della tua tela un pratico appenditutto.\" \/>\n<meta property=\"og:url\" content=\"https:\/\/www.myphotobook.it\/myinspirations\/da-tela-da-parete-a-bacheca-appenditutto\/\" \/>\n<meta property=\"og:site_name\" content=\"MyInspirations * La rivista di MyPhotoBook\" \/>\n<meta property=\"article:publisher\" content=\"https:\/\/www.facebook.com\/myphotobookit\/\" \/>\n<meta property=\"article:published_time\" content=\"2015-02-23T14:42:16+00:00\" \/>\n<meta property=\"article:modified_time\" content=\"2023-03-16T07:48:52+00:00\" \/>\n<meta property=\"og:image\" content=\"https:\/\/www.myphotobook.it\/myinspirations\/wp-content\/uploads\/sites\/5\/2015\/02\/IMG_0811-220150218-1024x683-1.jpg\" \/>\n\t<meta property=\"og:image:width\" content=\"1024\" \/>\n\t<meta property=\"og:image:height\" content=\"683\" \/>\n\t<meta property=\"og:image:type\" content=\"image\/jpeg\" \/>\n<meta name=\"author\" content=\"MyPhotoBook Redaktion\" \/>\n<meta name=\"twitter:card\" content=\"summary_large_image\" \/>\n<meta name=\"twitter:label1\" content=\"Scritto da\" \/>\n\t<meta name=\"twitter:data1\" content=\"MyPhotoBook Redaktion\" \/>\n\t<meta name=\"twitter:label2\" content=\"Tempo di lettura stimato\" \/>\n\t<meta name=\"twitter:data2\" content=\"2 minuti\" \/>\n<script type=\"application\/ld+json\" class=\"yoast-schema-graph\">{\"@context\":\"https:\\\/\\\/schema.org\",\"@graph\":[{\"@type\":\"Article\",\"@id\":\"https:\\\/\\\/www.myphotobook.it\\\/myinspirations\\\/da-tela-da-parete-a-bacheca-appenditutto\\\/#article\",\"isPartOf\":{\"@id\":\"https:\\\/\\\/www.myphotobook.it\\\/myinspirations\\\/da-tela-da-parete-a-bacheca-appenditutto\\\/\"},\"author\":{\"name\":\"MyPhotoBook Redaktion\",\"@id\":\"https:\\\/\\\/www.myphotobook.it\\\/myinspirations\\\/#\\\/schema\\\/person\\\/75b1b10c543c7bfa6909939e4a74dba9\"},\"headline\":\"Da tela da parete a bacheca appenditutto\",\"datePublished\":\"2015-02-23T14:42:16+00:00\",\"dateModified\":\"2023-03-16T07:48:52+00:00\",\"mainEntityOfPage\":{\"@id\":\"https:\\\/\\\/www.myphotobook.it\\\/myinspirations\\\/da-tela-da-parete-a-bacheca-appenditutto\\\/\"},\"wordCount\":320,\"publisher\":{\"@id\":\"https:\\\/\\\/www.myphotobook.it\\\/myinspirations\\\/#organization\"},\"image\":{\"@id\":\"https:\\\/\\\/www.myphotobook.it\\\/myinspirations\\\/da-tela-da-parete-a-bacheca-appenditutto\\\/#primaryimage\"},\"thumbnailUrl\":\"https:\\\/\\\/www.myphotobook.it\\\/myinspirations\\\/wp-content\\\/uploads\\\/sites\\\/5\\\/2015\\\/02\\\/IMG_0811-220150218-1024x683-1.jpg\",\"articleSection\":[\"Fai da te\"],\"inLanguage\":\"it-IT\"},{\"@type\":\"WebPage\",\"@id\":\"https:\\\/\\\/www.myphotobook.it\\\/myinspirations\\\/da-tela-da-parete-a-bacheca-appenditutto\\\/\",\"url\":\"https:\\\/\\\/www.myphotobook.it\\\/myinspirations\\\/da-tela-da-parete-a-bacheca-appenditutto\\\/\",\"name\":\"Da tela da parete a bacheca appenditutto * MyInspirations * La rivista di MyPhotoBook\",\"isPartOf\":{\"@id\":\"https:\\\/\\\/www.myphotobook.it\\\/myinspirations\\\/#website\"},\"primaryImageOfPage\":{\"@id\":\"https:\\\/\\\/www.myphotobook.it\\\/myinspirations\\\/da-tela-da-parete-a-bacheca-appenditutto\\\/#primaryimage\"},\"image\":{\"@id\":\"https:\\\/\\\/www.myphotobook.it\\\/myinspirations\\\/da-tela-da-parete-a-bacheca-appenditutto\\\/#primaryimage\"},\"thumbnailUrl\":\"https:\\\/\\\/www.myphotobook.it\\\/myinspirations\\\/wp-content\\\/uploads\\\/sites\\\/5\\\/2015\\\/02\\\/IMG_0811-220150218-1024x683-1.jpg\",\"datePublished\":\"2015-02-23T14:42:16+00:00\",\"dateModified\":\"2023-03-16T07:48:52+00:00\",\"description\":\"Hai mai la sensazione che una tela da parete possa fare molto pi\u00f9 che restarsene appesa? Oggi ti mostriamo come fare della tua tela un pratico appenditutto.\",\"breadcrumb\":{\"@id\":\"https:\\\/\\\/www.myphotobook.it\\\/myinspirations\\\/da-tela-da-parete-a-bacheca-appenditutto\\\/#breadcrumb\"},\"inLanguage\":\"it-IT\",\"potentialAction\":[{\"@type\":\"ReadAction\",\"target\":[\"https:\\\/\\\/www.myphotobook.it\\\/myinspirations\\\/da-tela-da-parete-a-bacheca-appenditutto\\\/\"]}]},{\"@type\":\"ImageObject\",\"inLanguage\":\"it-IT\",\"@id\":\"https:\\\/\\\/www.myphotobook.it\\\/myinspirations\\\/da-tela-da-parete-a-bacheca-appenditutto\\\/#primaryimage\",\"url\":\"https:\\\/\\\/www.myphotobook.it\\\/myinspirations\\\/wp-content\\\/uploads\\\/sites\\\/5\\\/2015\\\/02\\\/IMG_0811-220150218-1024x683-1.jpg\",\"contentUrl\":\"https:\\\/\\\/www.myphotobook.it\\\/myinspirations\\\/wp-content\\\/uploads\\\/sites\\\/5\\\/2015\\\/02\\\/IMG_0811-220150218-1024x683-1.jpg\",\"width\":1024,\"height\":683},{\"@type\":\"BreadcrumbList\",\"@id\":\"https:\\\/\\\/www.myphotobook.it\\\/myinspirations\\\/da-tela-da-parete-a-bacheca-appenditutto\\\/#breadcrumb\",\"itemListElement\":[{\"@type\":\"ListItem\",\"position\":1,\"name\":\"Startseite\",\"item\":\"https:\\\/\\\/www.myphotobook.it\\\/myinspirations\\\/\"},{\"@type\":\"ListItem\",\"position\":2,\"name\":\"Da tela da parete a bacheca appenditutto\"}]},{\"@type\":\"WebSite\",\"@id\":\"https:\\\/\\\/www.myphotobook.it\\\/myinspirations\\\/#website\",\"url\":\"https:\\\/\\\/www.myphotobook.it\\\/myinspirations\\\/\",\"name\":\"MyInspirations\",\"description\":\"\",\"publisher\":{\"@id\":\"https:\\\/\\\/www.myphotobook.it\\\/myinspirations\\\/#organization\"},\"alternateName\":\"La rivista di MyPhotoBook\",\"potentialAction\":[{\"@type\":\"SearchAction\",\"target\":{\"@type\":\"EntryPoint\",\"urlTemplate\":\"https:\\\/\\\/www.myphotobook.it\\\/myinspirations\\\/?s={search_term_string}\"},\"query-input\":{\"@type\":\"PropertyValueSpecification\",\"valueRequired\":true,\"valueName\":\"search_term_string\"}}],\"inLanguage\":\"it-IT\"},{\"@type\":\"Organization\",\"@id\":\"https:\\\/\\\/www.myphotobook.it\\\/myinspirations\\\/#organization\",\"name\":\"myphotobook GmbH\",\"alternateName\":\"myphotobook\",\"url\":\"https:\\\/\\\/www.myphotobook.it\\\/myinspirations\\\/\",\"logo\":{\"@type\":\"ImageObject\",\"inLanguage\":\"it-IT\",\"@id\":\"https:\\\/\\\/www.myphotobook.it\\\/myinspirations\\\/#\\\/schema\\\/logo\\\/image\\\/\",\"url\":\"https:\\\/\\\/www.myphotobook.it\\\/myinspirations\\\/wp-content\\\/uploads\\\/sites\\\/5\\\/2023\\\/03\\\/myphotobook-logo.png\",\"contentUrl\":\"https:\\\/\\\/www.myphotobook.it\\\/myinspirations\\\/wp-content\\\/uploads\\\/sites\\\/5\\\/2023\\\/03\\\/myphotobook-logo.png\",\"width\":600,\"height\":600,\"caption\":\"myphotobook GmbH\"},\"image\":{\"@id\":\"https:\\\/\\\/www.myphotobook.it\\\/myinspirations\\\/#\\\/schema\\\/logo\\\/image\\\/\"},\"sameAs\":[\"https:\\\/\\\/www.facebook.com\\\/myphotobookit\\\/\"]},{\"@type\":\"Person\",\"@id\":\"https:\\\/\\\/www.myphotobook.it\\\/myinspirations\\\/#\\\/schema\\\/person\\\/75b1b10c543c7bfa6909939e4a74dba9\",\"name\":\"MyPhotoBook Redaktion\"}]}<\/script>\n<!-- \/ Yoast SEO Premium plugin. -->","yoast_head_json":{"title":"Da tela da parete a bacheca appenditutto * MyInspirations * La rivista di MyPhotoBook","description":"Hai mai la sensazione che una tela da parete possa fare molto pi\u00f9 che restarsene appesa? Oggi ti mostriamo come fare della tua tela un pratico appenditutto.","robots":{"index":"index","follow":"follow","max-snippet":"max-snippet:-1","max-image-preview":"max-image-preview:large","max-video-preview":"max-video-preview:-1"},"canonical":"https:\/\/www.myphotobook.it\/myinspirations\/da-tela-da-parete-a-bacheca-appenditutto\/","og_locale":"it_IT","og_type":"article","og_title":"Da tela da parete a bacheca appenditutto","og_description":"Hai mai la sensazione che una tela da parete possa fare molto pi\u00f9 che restarsene appesa? Oggi ti mostriamo come fare della tua tela un pratico appenditutto.","og_url":"https:\/\/www.myphotobook.it\/myinspirations\/da-tela-da-parete-a-bacheca-appenditutto\/","og_site_name":"MyInspirations * La rivista di MyPhotoBook","article_publisher":"https:\/\/www.facebook.com\/myphotobookit\/","article_published_time":"2015-02-23T14:42:16+00:00","article_modified_time":"2023-03-16T07:48:52+00:00","og_image":[{"width":1024,"height":683,"url":"https:\/\/www.myphotobook.it\/myinspirations\/wp-content\/uploads\/sites\/5\/2015\/02\/IMG_0811-220150218-1024x683-1.jpg","type":"image\/jpeg"}],"author":"MyPhotoBook Redaktion","twitter_card":"summary_large_image","twitter_misc":{"Scritto da":"MyPhotoBook Redaktion","Tempo di lettura stimato":"2 minuti"},"schema":{"@context":"https:\/\/schema.org","@graph":[{"@type":"Article","@id":"https:\/\/www.myphotobook.it\/myinspirations\/da-tela-da-parete-a-bacheca-appenditutto\/#article","isPartOf":{"@id":"https:\/\/www.myphotobook.it\/myinspirations\/da-tela-da-parete-a-bacheca-appenditutto\/"},"author":{"name":"MyPhotoBook Redaktion","@id":"https:\/\/www.myphotobook.it\/myinspirations\/#\/schema\/person\/75b1b10c543c7bfa6909939e4a74dba9"},"headline":"Da tela da parete a bacheca appenditutto","datePublished":"2015-02-23T14:42:16+00:00","dateModified":"2023-03-16T07:48:52+00:00","mainEntityOfPage":{"@id":"https:\/\/www.myphotobook.it\/myinspirations\/da-tela-da-parete-a-bacheca-appenditutto\/"},"wordCount":320,"publisher":{"@id":"https:\/\/www.myphotobook.it\/myinspirations\/#organization"},"image":{"@id":"https:\/\/www.myphotobook.it\/myinspirations\/da-tela-da-parete-a-bacheca-appenditutto\/#primaryimage"},"thumbnailUrl":"https:\/\/www.myphotobook.it\/myinspirations\/wp-content\/uploads\/sites\/5\/2015\/02\/IMG_0811-220150218-1024x683-1.jpg","articleSection":["Fai da te"],"inLanguage":"it-IT"},{"@type":"WebPage","@id":"https:\/\/www.myphotobook.it\/myinspirations\/da-tela-da-parete-a-bacheca-appenditutto\/","url":"https:\/\/www.myphotobook.it\/myinspirations\/da-tela-da-parete-a-bacheca-appenditutto\/","name":"Da tela da parete a bacheca appenditutto * MyInspirations * La rivista di MyPhotoBook","isPartOf":{"@id":"https:\/\/www.myphotobook.it\/myinspirations\/#website"},"primaryImageOfPage":{"@id":"https:\/\/www.myphotobook.it\/myinspirations\/da-tela-da-parete-a-bacheca-appenditutto\/#primaryimage"},"image":{"@id":"https:\/\/www.myphotobook.it\/myinspirations\/da-tela-da-parete-a-bacheca-appenditutto\/#primaryimage"},"thumbnailUrl":"https:\/\/www.myphotobook.it\/myinspirations\/wp-content\/uploads\/sites\/5\/2015\/02\/IMG_0811-220150218-1024x683-1.jpg","datePublished":"2015-02-23T14:42:16+00:00","dateModified":"2023-03-16T07:48:52+00:00","description":"Hai mai la sensazione che una tela da parete possa fare molto pi\u00f9 che restarsene appesa? Oggi ti mostriamo come fare della tua tela un pratico appenditutto.","breadcrumb":{"@id":"https:\/\/www.myphotobook.it\/myinspirations\/da-tela-da-parete-a-bacheca-appenditutto\/#breadcrumb"},"inLanguage":"it-IT","potentialAction":[{"@type":"ReadAction","target":["https:\/\/www.myphotobook.it\/myinspirations\/da-tela-da-parete-a-bacheca-appenditutto\/"]}]},{"@type":"ImageObject","inLanguage":"it-IT","@id":"https:\/\/www.myphotobook.it\/myinspirations\/da-tela-da-parete-a-bacheca-appenditutto\/#primaryimage","url":"https:\/\/www.myphotobook.it\/myinspirations\/wp-content\/uploads\/sites\/5\/2015\/02\/IMG_0811-220150218-1024x683-1.jpg","contentUrl":"https:\/\/www.myphotobook.it\/myinspirations\/wp-content\/uploads\/sites\/5\/2015\/02\/IMG_0811-220150218-1024x683-1.jpg","width":1024,"height":683},{"@type":"BreadcrumbList","@id":"https:\/\/www.myphotobook.it\/myinspirations\/da-tela-da-parete-a-bacheca-appenditutto\/#breadcrumb","itemListElement":[{"@type":"ListItem","position":1,"name":"Startseite","item":"https:\/\/www.myphotobook.it\/myinspirations\/"},{"@type":"ListItem","position":2,"name":"Da tela da parete a bacheca appenditutto"}]},{"@type":"WebSite","@id":"https:\/\/www.myphotobook.it\/myinspirations\/#website","url":"https:\/\/www.myphotobook.it\/myinspirations\/","name":"MyInspirations","description":"","publisher":{"@id":"https:\/\/www.myphotobook.it\/myinspirations\/#organization"},"alternateName":"La rivista di MyPhotoBook","potentialAction":[{"@type":"SearchAction","target":{"@type":"EntryPoint","urlTemplate":"https:\/\/www.myphotobook.it\/myinspirations\/?s={search_term_string}"},"query-input":{"@type":"PropertyValueSpecification","valueRequired":true,"valueName":"search_term_string"}}],"inLanguage":"it-IT"},{"@type":"Organization","@id":"https:\/\/www.myphotobook.it\/myinspirations\/#organization","name":"myphotobook GmbH","alternateName":"myphotobook","url":"https:\/\/www.myphotobook.it\/myinspirations\/","logo":{"@type":"ImageObject","inLanguage":"it-IT","@id":"https:\/\/www.myphotobook.it\/myinspirations\/#\/schema\/logo\/image\/","url":"https:\/\/www.myphotobook.it\/myinspirations\/wp-content\/uploads\/sites\/5\/2023\/03\/myphotobook-logo.png","contentUrl":"https:\/\/www.myphotobook.it\/myinspirations\/wp-content\/uploads\/sites\/5\/2023\/03\/myphotobook-logo.png","width":600,"height":600,"caption":"myphotobook GmbH"},"image":{"@id":"https:\/\/www.myphotobook.it\/myinspirations\/#\/schema\/logo\/image\/"},"sameAs":["https:\/\/www.facebook.com\/myphotobookit\/"]},{"@type":"Person","@id":"https:\/\/www.myphotobook.it\/myinspirations\/#\/schema\/person\/75b1b10c543c7bfa6909939e4a74dba9","name":"MyPhotoBook Redaktion"}]}},"uagb_featured_image_src":{"full":["https:\/\/www.myphotobook.it\/myinspirations\/wp-content\/uploads\/sites\/5\/2015\/02\/IMG_0811-220150218-1024x683-1.jpg",1024,683,false],"thumbnail":["https:\/\/www.myphotobook.it\/myinspirations\/wp-content\/uploads\/sites\/5\/2015\/02\/IMG_0811-220150218-1024x683-1-150x150.jpg",150,150,true],"medium":["https:\/\/www.myphotobook.it\/myinspirations\/wp-content\/uploads\/sites\/5\/2015\/02\/IMG_0811-220150218-1024x683-1-300x200.jpg",300,200,true],"medium_large":["https:\/\/www.myphotobook.it\/myinspirations\/wp-content\/uploads\/sites\/5\/2015\/02\/IMG_0811-220150218-1024x683-1-768x512.jpg",768,512,true],"large":["https:\/\/www.myphotobook.it\/myinspirations\/wp-content\/uploads\/sites\/5\/2015\/02\/IMG_0811-220150218-1024x683-1.jpg",1024,683,false],"1536x1536":["https:\/\/www.myphotobook.it\/myinspirations\/wp-content\/uploads\/sites\/5\/2015\/02\/IMG_0811-220150218-1024x683-1.jpg",1024,683,false],"2048x2048":["https:\/\/www.myphotobook.it\/myinspirations\/wp-content\/uploads\/sites\/5\/2015\/02\/IMG_0811-220150218-1024x683-1.jpg",1024,683,false]},"uagb_author_info":{"display_name":"MyPhotoBook Redaktion","author_link":"https:\/\/www.myphotobook.it\/myinspirations\/author\/myphotobookit\/"},"uagb_comment_info":0,"uagb_excerpt":"DA TELA DA PARETE A BACHECA APPENDITUTTO Hai mai avuto la sensazione che una tela da parete potesse fare molto pi\u00f9 che restarsene appesa? Oggi ti mostriamo come fare della tua tela una pratica bacheca dove appendere qualsiasi cosa ti venga in mente. Ti servono: tela da parete natro di stoffa, elastici o spago colorato&hellip;","_links":{"self":[{"href":"https:\/\/www.myphotobook.it\/myinspirations\/wp-json\/wp\/v2\/posts\/109","targetHints":{"allow":["GET"]}}],"collection":[{"href":"https:\/\/www.myphotobook.it\/myinspirations\/wp-json\/wp\/v2\/posts"}],"about":[{"href":"https:\/\/www.myphotobook.it\/myinspirations\/wp-json\/wp\/v2\/types\/post"}],"author":[{"embeddable":true,"href":"https:\/\/www.myphotobook.it\/myinspirations\/wp-json\/wp\/v2\/users\/6"}],"replies":[{"embeddable":true,"href":"https:\/\/www.myphotobook.it\/myinspirations\/wp-json\/wp\/v2\/comments?post=109"}],"version-history":[{"count":0,"href":"https:\/\/www.myphotobook.it\/myinspirations\/wp-json\/wp\/v2\/posts\/109\/revisions"}],"wp:featuredmedia":[{"embeddable":true,"href":"https:\/\/www.myphotobook.it\/myinspirations\/wp-json\/wp\/v2\/media\/2588"}],"wp:attachment":[{"href":"https:\/\/www.myphotobook.it\/myinspirations\/wp-json\/wp\/v2\/media?parent=109"}],"wp:term":[{"taxonomy":"category","embeddable":true,"href":"https:\/\/www.myphotobook.it\/myinspirations\/wp-json\/wp\/v2\/categories?post=109"},{"taxonomy":"post_tag","embeddable":true,"href":"https:\/\/www.myphotobook.it\/myinspirations\/wp-json\/wp\/v2\/tags?post=109"}],"curies":[{"name":"wp","href":"https:\/\/api.w.org\/{rel}","templated":true}]}}