{"id":3648,"date":"2025-07-01T18:34:57","date_gmt":"2025-07-01T16:34:57","guid":{"rendered":"https:\/\/www.myphotobook.it\/myinspirations\/?p=3648"},"modified":"2025-07-02T12:26:54","modified_gmt":"2025-07-02T10:26:54","slug":"fotolibro-opaco-o-lucido-quale-finitura-fa-per-te","status":"publish","type":"post","link":"https:\/\/www.myphotobook.it\/myinspirations\/fotolibro-opaco-o-lucido-quale-finitura-fa-per-te\/","title":{"rendered":"Fotolibro opaco o lucido: quale finitura fa per te?"},"content":{"rendered":"<p>Scegliere tra un fotolibro opaco o lucido \u00e8 una decisione molto personale. Hai gi\u00e0 selezionato le tue foto preferite, hai pensato al layout\u2026 e poi arriva la domanda: meglio opaco o lucido? Pu\u00f2 sembrare un dettaglio, ma influisce notevolmente sull\u2019aspetto finale del tuo <a href=\"https:\/\/www.myphotobook.it\/fotolibro\">fotolibro<\/a>. Per aiutarti a decidere senza troppi dubbi, ti spieghiamo cosa considerare. Scopri con noi quale finitura si adatta meglio alle tue immagini!<\/p>\n<h2>Perch\u00e9 la finitura \u00e8 fondamentale<\/h2>\n<p>Fotolibro opaco o lucido: la differenza pu\u00f2 sembrare minima, ma in realt\u00e0 cambia tutto. L\u2019aspetto visivo, il modo in cui si sfoglia, la resa dei colori: tutto dipende dalla superficie che scegli.<\/p>\n<p>Con myphotobook puoi personalizzare sia la copertina che le pagine interne del tuo fotolibro opaco o lucido. Non importa se scegli un fotolibro classico o uno fotografico professionale: la decisione \u00e8 sempre tua. Cos\u00ec puoi coordinare l\u2019aspetto del libro dall\u2019inizio alla fine.<\/p>\n<p style=\"text-align: center\"><span data-sheets-root=\"1\"><a class=\"maxbutton-1 maxbutton maxbutton-produktempfehlung\" title=\"Progetta ora\" href=\"https:\/\/www.myphotobook.it\/fotolibro\"><span class='mb-text'>Progettare un fotolibro<\/span><\/a><\/span><\/p>\n<h2>Fotolibro opaco o lucido: quali sono le differenze?<\/h2>\n<p>Prima di scegliere, \u00e8 utile conoscere l\u2019effetto che ogni finitura pu\u00f2 dare. Opaco e lucido non solo si percepiscono in modo diverso, ma mettono anche in risalto aspetti differenti delle tue foto.<\/p>\n<h3>Fotolibro opaco: eleganza sobria e naturale<\/h3>\n<p>Se ami uno stile discreto, autentico e raffinato, il fotolibro opaco \u00e8 perfetto. La superficie opaca elimina i riflessi, rende i colori pi\u00f9 morbidi e dona profondit\u00e0 alle immagini. Un fotolibro opaco crea un look senza tempo in cui le foto sono protagoniste \u2013 senza effetti luccicanti.<\/p>\n<p><img decoding=\"async\" class=\"size-large wp-image-3652 alignnone\" src=\"https:\/\/www.myphotobook.it\/myinspirations\/wp-content\/uploads\/sites\/5\/2025\/07\/fotobuch-hardcover-20x20-fotokasten-1780x1320px-matt-d1-1024x759.jpg\" alt=\"Fotolibro opaco\" width=\"1024\" height=\"759\" srcset=\"https:\/\/www.myphotobook.it\/myinspirations\/wp-content\/uploads\/sites\/5\/2025\/07\/fotobuch-hardcover-20x20-fotokasten-1780x1320px-matt-d1-1024x759.jpg 1024w, https:\/\/www.myphotobook.it\/myinspirations\/wp-content\/uploads\/sites\/5\/2025\/07\/fotobuch-hardcover-20x20-fotokasten-1780x1320px-matt-d1-300x222.jpg 300w, https:\/\/www.myphotobook.it\/myinspirations\/wp-content\/uploads\/sites\/5\/2025\/07\/fotobuch-hardcover-20x20-fotokasten-1780x1320px-matt-d1-768x570.jpg 768w, https:\/\/www.myphotobook.it\/myinspirations\/wp-content\/uploads\/sites\/5\/2025\/07\/fotobuch-hardcover-20x20-fotokasten-1780x1320px-matt-d1-1536x1139.jpg 1536w, https:\/\/www.myphotobook.it\/myinspirations\/wp-content\/uploads\/sites\/5\/2025\/07\/fotobuch-hardcover-20x20-fotokasten-1780x1320px-matt-d1.jpg 1780w\" sizes=\"(max-width: 1024px) 100vw, 1024px\" \/><\/p>\n<h5>Vantaggi del fotolibro opaco:<\/h5>\n<ul>\n<li>Colori naturali e morbidi, contrasti in bianco e nero ben definiti<\/li>\n<li>Look moderno, semplice e raffinato<\/li>\n<li>Nessun riflesso: perfetto da sfogliare in ogni condizione di luce<\/li>\n<li>Resistente alle impronte digitali<\/li>\n<li>Ideale per fotolibri con molto testo<\/li>\n<\/ul>\n<h5>Svantaggi minimi:<\/h5>\n<ul>\n<li>Colori meno intensi rispetto al lucido<\/li>\n<li>I dettagli possono apparire pi\u00f9 delicati<\/li>\n<\/ul>\n<h3>Fotolibro lucido: colori vivaci e contrasti intensi<\/h3>\n<p>Vuoi che le tue foto risaltino con tutta la loro energia? Allora il fotolibro lucido fa al caso tuo. Colori brillanti, contrasti forti e ogni dettaglio che cattura l\u2019occhio. Il finish lucido valorizza il fotolibro con un tocco dinamico ed elegante. Perfetto per immagini vivaci, feste o viaggi.<\/p>\n<p><img decoding=\"async\" class=\"size-large wp-image-3653 alignnone\" src=\"https:\/\/www.myphotobook.it\/myinspirations\/wp-content\/uploads\/sites\/5\/2025\/07\/fotobuch-hardcover-20x20-fotokasten-1780x1320px-glanz-d2-1024x759.jpg\" alt=\"Fotolibro lucido\" width=\"1024\" height=\"759\" srcset=\"https:\/\/www.myphotobook.it\/myinspirations\/wp-content\/uploads\/sites\/5\/2025\/07\/fotobuch-hardcover-20x20-fotokasten-1780x1320px-glanz-d2-1024x759.jpg 1024w, https:\/\/www.myphotobook.it\/myinspirations\/wp-content\/uploads\/sites\/5\/2025\/07\/fotobuch-hardcover-20x20-fotokasten-1780x1320px-glanz-d2-300x222.jpg 300w, https:\/\/www.myphotobook.it\/myinspirations\/wp-content\/uploads\/sites\/5\/2025\/07\/fotobuch-hardcover-20x20-fotokasten-1780x1320px-glanz-d2-768x570.jpg 768w, https:\/\/www.myphotobook.it\/myinspirations\/wp-content\/uploads\/sites\/5\/2025\/07\/fotobuch-hardcover-20x20-fotokasten-1780x1320px-glanz-d2-1536x1139.jpg 1536w, https:\/\/www.myphotobook.it\/myinspirations\/wp-content\/uploads\/sites\/5\/2025\/07\/fotobuch-hardcover-20x20-fotokasten-1780x1320px-glanz-d2.jpg 1780w\" sizes=\"(max-width: 1024px) 100vw, 1024px\" \/><\/p>\n<h5>Vantaggi del fotolibro lucido:<\/h5>\n<ul>\n<li>Colori luminosi e profondi<\/li>\n<li>Superficie liscia e brillante<\/li>\n<li>Aspetto elegante e d\u2019impatto<\/li>\n<li>Contrasti nitidi e dettagli ben definiti<\/li>\n<\/ul>\n<h5>Svantaggi minimi:<\/h5>\n<ul>\n<li>Pu\u00f2 riflettere la luce diretta<\/li>\n<li>Pi\u00f9 sensibile a impronte e graffi<\/li>\n<li>Le tonalit\u00e0 chiare possono risultare pi\u00f9 intense del previsto<\/li>\n<\/ul>\n<p style=\"text-align: center\"><span data-sheets-root=\"1\"><a class=\"maxbutton-1 maxbutton maxbutton-produktempfehlung\" title=\"Progetta ora\" href=\"https:\/\/www.myphotobook.it\/fotolibro\"><span class='mb-text'>Progettare un fotolibro<\/span><\/a><\/span><\/p>\n<h2>Fotolibro opaco o lucido? 3 domande per aiutarti a decidere<\/h2>\n<p>Ancora indeciso? Ecco tre domande utili per trovare la finitura giusta:<\/p>\n<h3>Che tipo di foto vuoi includere?<\/h3>\n<p>\ud83d\udc49 Opaco: perfetto per ritratti, paesaggi, foto in bianco e nero, album di famiglia. Dona un aspetto calmo e naturale.<br \/>\n\ud83d\udc49 Lucido: ideale per <a href=\"https:\/\/www.myphotobook.it\/myinspirations\/consigli-per-creare-il-fotolibro-delle-tue-vacanze\/\">vacanze<\/a> al sole, feste colorate, matrimoni ed eventi dinamici. Colori intensi e dettagli evidenti.<\/p>\n<h3>Quale effetto vuoi ottenere?<\/h3>\n<p>\ud83d\udc49 Il fotolibro opaco trasmette serenit\u00e0 e autenticit\u00e0. \u00c8 piacevole da sfogliare, senza riflessi o distrazioni.<br \/>\n\ud83d\udc49 Il fotolibro lucido ha un effetto scenografico, quasi da rivista. Perfetto se vuoi fare colpo o regalarlo.<\/p>\n<h3>Come verr\u00e0 usato il fotolibro?<\/h3>\n<p>\ud83d\udc49 Il fotolibro opaco \u00e8 resistente e adatto anche ai bambini.<br \/>\n\ud83d\udc49 Il fotolibro lucido \u00e8 ideale per occasioni speciali, come album di nozze o portfolio professionale.<\/p>\n<div class=\"dom-green-box\">\n<h5>Hai foto miste? Ecco il consiglio giusto<\/h5>\n<p>Hai una combinazione di paesaggi, ritratti, bianco e nero e immagini di festa? In questi casi la scelta tra fotolibro opaco o lucido pu\u00f2 sembrare difficile.<\/p>\n<p>&nbsp;<\/p>\n<p>Il nostro consiglio: pensa al mood generale delle tue foto. Preferisci un look elegante e sobrio o vivace e brillante? Se hai dei dubbi, la versione opaca \u00e8 spesso la scelta pi\u00f9 sicura e versatile. Oppure\u2026 prova entrambe le versioni! Crea due mini-fotolibri con temi diversi e finiture diverse. Vedrai subito quale fa al caso tuo.<\/p>\n<\/div>\n<h2>Fotolibro opaco o lucido \u2013 scegli tu!<\/h2>\n<p>Sia l\u2019opaco che il lucido hanno i loro punti di forza. L\u2019importante \u00e8 che il risultato rispecchi le tue foto e il tuo stile personale. E se non sei ancora sicuro, usa il nostro editor online per sperimentare layout e look. Con myphotobook puoi creare ogni fotolibro opaco o lucido, dentro e fuori.<\/p>\n<div class=\"su-row\">\n<div class=\"su-column su-column-size-1-3\"><div class=\"su-column-inner su-u-clearfix su-u-trim\">\n<h4 style=\"text-align: center\">Fotolibro A4 verticale<\/h4>\n<p><a href=\"https:\/\/www.myphotobook.it\/fotolibro\/copertina-rigida\/a4-verticale\"><img decoding=\"async\" class=\"aligncenter wp-image-3612 size-medium\" src=\"https:\/\/www.myphotobook.it\/myinspirations\/wp-content\/uploads\/sites\/5\/2024\/12\/mpb-fotobuch-geburtstag-hardcover-a4-hoch-m-300x222.jpg\" alt=\"Idee per il vostro fotolibro: 7 consigli pratici\" width=\"300\" height=\"222\" srcset=\"https:\/\/www.myphotobook.it\/myinspirations\/wp-content\/uploads\/sites\/5\/2024\/12\/mpb-fotobuch-geburtstag-hardcover-a4-hoch-m-300x222.jpg 300w, https:\/\/www.myphotobook.it\/myinspirations\/wp-content\/uploads\/sites\/5\/2024\/12\/mpb-fotobuch-geburtstag-hardcover-a4-hoch-m-1024x759.jpg 1024w, https:\/\/www.myphotobook.it\/myinspirations\/wp-content\/uploads\/sites\/5\/2024\/12\/mpb-fotobuch-geburtstag-hardcover-a4-hoch-m-768x570.jpg 768w, https:\/\/www.myphotobook.it\/myinspirations\/wp-content\/uploads\/sites\/5\/2024\/12\/mpb-fotobuch-geburtstag-hardcover-a4-hoch-m-1536x1139.jpg 1536w, https:\/\/www.myphotobook.it\/myinspirations\/wp-content\/uploads\/sites\/5\/2024\/12\/mpb-fotobuch-geburtstag-hardcover-a4-hoch-m.jpg 1780w\" sizes=\"(max-width: 300px) 100vw, 300px\" \/><\/a><\/p>\n<p style=\"text-align: center\"><a class=\"maxbutton-1 maxbutton maxbutton-produktempfehlung\" title=\"Progetta ora\" href=\"https:\/\/www.myphotobook.it\/fotolibro\/copertina-rigida\/a4-verticale\"><span class='mb-text'>Progettare ora<\/span><\/a>\n<\/div><\/div>\n<div class=\"su-column su-column-size-1-3\"><div class=\"su-column-inner su-u-clearfix su-u-trim\">\n<h4 style=\"text-align: center\">Fotolibro 30&#215;30<\/h4>\n<p><a href=\"https:\/\/www.myphotobook.it\/fotolibro\/copertina-rigida\/30x30\"><img decoding=\"async\" class=\"aligncenter wp-image-3655 size-medium\" src=\"https:\/\/www.myphotobook.it\/myinspirations\/wp-content\/uploads\/sites\/5\/2025\/07\/ftk-mpb-reise-echtfotobuch-hardcover-30x30-offen-f1-300x222.jpg\" alt=\"Fotolibro Copertina rigida 30x30\" width=\"300\" height=\"222\" srcset=\"https:\/\/www.myphotobook.it\/myinspirations\/wp-content\/uploads\/sites\/5\/2025\/07\/ftk-mpb-reise-echtfotobuch-hardcover-30x30-offen-f1-300x222.jpg 300w, https:\/\/www.myphotobook.it\/myinspirations\/wp-content\/uploads\/sites\/5\/2025\/07\/ftk-mpb-reise-echtfotobuch-hardcover-30x30-offen-f1-1024x759.jpg 1024w, https:\/\/www.myphotobook.it\/myinspirations\/wp-content\/uploads\/sites\/5\/2025\/07\/ftk-mpb-reise-echtfotobuch-hardcover-30x30-offen-f1-768x570.jpg 768w, https:\/\/www.myphotobook.it\/myinspirations\/wp-content\/uploads\/sites\/5\/2025\/07\/ftk-mpb-reise-echtfotobuch-hardcover-30x30-offen-f1-1536x1139.jpg 1536w, https:\/\/www.myphotobook.it\/myinspirations\/wp-content\/uploads\/sites\/5\/2025\/07\/ftk-mpb-reise-echtfotobuch-hardcover-30x30-offen-f1.jpg 1780w\" sizes=\"(max-width: 300px) 100vw, 300px\" \/><\/a><\/p>\n<p style=\"text-align: center\"><a class=\"maxbutton-1 maxbutton maxbutton-produktempfehlung\" title=\"Progetta ora\" href=\"https:\/\/www.myphotobook.it\/fotolibro\/copertina-rigida\/30x30\"><span class='mb-text'>Progettare ora<\/span><\/a>\n<\/div><\/div>\n<div class=\"su-column su-column-size-1-3\"><div class=\"su-column-inner su-u-clearfix su-u-trim\">\n<h4 style=\"text-align: center\">Fotolibro A3 orrizontale<\/h4>\n<p><a href=\"https:\/\/www.myphotobook.it\/fotolibro\/copertina-rigida\/a3-orizzontale\"><img decoding=\"async\" class=\"aligncenter wp-image-3656 size-medium\" src=\"https:\/\/www.myphotobook.it\/myinspirations\/wp-content\/uploads\/sites\/5\/2025\/07\/ftk-mpb-fotobuch-hardcover-a3-quer-f3-300x222.jpg\" alt=\"Fotolibro Copertina rigida orizzontale A3\" width=\"300\" height=\"222\" srcset=\"https:\/\/www.myphotobook.it\/myinspirations\/wp-content\/uploads\/sites\/5\/2025\/07\/ftk-mpb-fotobuch-hardcover-a3-quer-f3-300x222.jpg 300w, https:\/\/www.myphotobook.it\/myinspirations\/wp-content\/uploads\/sites\/5\/2025\/07\/ftk-mpb-fotobuch-hardcover-a3-quer-f3-1024x759.jpg 1024w, https:\/\/www.myphotobook.it\/myinspirations\/wp-content\/uploads\/sites\/5\/2025\/07\/ftk-mpb-fotobuch-hardcover-a3-quer-f3-768x570.jpg 768w, https:\/\/www.myphotobook.it\/myinspirations\/wp-content\/uploads\/sites\/5\/2025\/07\/ftk-mpb-fotobuch-hardcover-a3-quer-f3-1536x1139.jpg 1536w, https:\/\/www.myphotobook.it\/myinspirations\/wp-content\/uploads\/sites\/5\/2025\/07\/ftk-mpb-fotobuch-hardcover-a3-quer-f3.jpg 1780w\" sizes=\"(max-width: 300px) 100vw, 300px\" \/><\/a><\/p>\n<p style=\"text-align: center\"><a class=\"maxbutton-1 maxbutton maxbutton-produktempfehlung\" title=\"Progetta ora\" href=\"https:\/\/www.myphotobook.it\/fotolibro\/copertina-rigida\/a3-orizzontale\"><span class='mb-text'>Progettare ora<\/span><\/a>\n<\/div><\/div>\n<\/div>\n","protected":false},"excerpt":{"rendered":"<p>Scegliere tra un fotolibro opaco o lucido \u00e8 una decisione molto personale. Hai gi\u00e0 selezionato le tue foto preferite, hai pensato al layout\u2026 e poi arriva la domanda: meglio opaco o lucido? Pu\u00f2 sembrare un dettaglio, ma influisce notevolmente sull\u2019aspetto finale del tuo fotolibro. Per aiutarti a decidere senza troppi dubbi, ti spieghiamo cosa considerare. [&hellip;]<\/p>\n","protected":false},"author":6,"featured_media":3649,"comment_status":"closed","ping_status":"closed","sticky":false,"template":"","format":"standard","meta":{"inline_featured_image":false,"_uag_custom_page_level_css":"","site-sidebar-layout":"default","site-content-layout":"","ast-site-content-layout":"default","site-content-style":"default","site-sidebar-style":"default","ast-global-header-display":"","ast-banner-title-visibility":"","ast-main-header-display":"","ast-hfb-above-header-display":"","ast-hfb-below-header-display":"","ast-hfb-mobile-header-display":"","site-post-title":"","ast-breadcrumbs-content":"","ast-featured-img":"","footer-sml-layout":"","ast-disable-related-posts":"","theme-transparent-header-meta":"default","adv-header-id-meta":"","stick-header-meta":"default","header-above-stick-meta":"","header-main-stick-meta":"","header-below-stick-meta":"","astra-migrate-meta-layouts":"set","ast-page-background-enabled":"default","ast-page-background-meta":{"desktop":{"background-color":"var(--ast-global-color-4)","background-image":"","background-repeat":"repeat","background-position":"center center","background-size":"auto","background-attachment":"scroll","background-type":"","background-media":"","overlay-type":"","overlay-color":"","overlay-opacity":"","overlay-gradient":""},"tablet":{"background-color":"","background-image":"","background-repeat":"repeat","background-position":"center center","background-size":"auto","background-attachment":"scroll","background-type":"","background-media":"","overlay-type":"","overlay-color":"","overlay-opacity":"","overlay-gradient":""},"mobile":{"background-color":"","background-image":"","background-repeat":"repeat","background-position":"center center","background-size":"auto","background-attachment":"scroll","background-type":"","background-media":"","overlay-type":"","overlay-color":"","overlay-opacity":"","overlay-gradient":""}},"ast-content-background-meta":{"desktop":{"background-color":"var(--ast-global-color-5)","background-image":"","background-repeat":"repeat","background-position":"center center","background-size":"auto","background-attachment":"scroll","background-type":"","background-media":"","overlay-type":"","overlay-color":"","overlay-opacity":"","overlay-gradient":""},"tablet":{"background-color":"var(--ast-global-color-5)","background-image":"","background-repeat":"repeat","background-position":"center center","background-size":"auto","background-attachment":"scroll","background-type":"","background-media":"","overlay-type":"","overlay-color":"","overlay-opacity":"","overlay-gradient":""},"mobile":{"background-color":"var(--ast-global-color-5)","background-image":"","background-repeat":"repeat","background-position":"center center","background-size":"auto","background-attachment":"scroll","background-type":"","background-media":"","overlay-type":"","overlay-color":"","overlay-opacity":"","overlay-gradient":""}},"footnotes":""},"categories":[6],"tags":[],"class_list":["post-3648","post","type-post","status-publish","format-standard","has-post-thumbnail","hentry","category-prodotti-fotografici"],"yoast_head":"<!-- This site is optimized with the Yoast SEO Premium plugin v28.4 (Yoast SEO v28.4) - https:\/\/yoast.com\/product\/yoast-seo-premium-wordpress\/ -->\n<title>Fotolibro opaco o lucido: quale finitura fa per te?<\/title>\n<meta name=\"description\" content=\"Fotolibro opaco o lucido? Scopri quale finitura valorizza meglio le tue foto. Confrontate i vantaggi per fare la scelta giusta. \ud83d\udcd6\" \/>\n<meta name=\"robots\" content=\"index, follow, max-snippet:-1, max-image-preview:large, max-video-preview:-1\" \/>\n<link rel=\"canonical\" href=\"https:\/\/www.myphotobook.it\/myinspirations\/fotolibro-opaco-o-lucido-quale-finitura-fa-per-te\/\" \/>\n<meta property=\"og:locale\" content=\"it_IT\" \/>\n<meta property=\"og:type\" content=\"article\" \/>\n<meta property=\"og:title\" content=\"Fotolibro opaco o lucido: quale finitura fa per te?\" \/>\n<meta property=\"og:description\" content=\"Fotolibro opaco o lucido? Scopri quale finitura valorizza meglio le tue foto. Confrontate i vantaggi per fare la scelta giusta. \ud83d\udcd6\" \/>\n<meta property=\"og:url\" content=\"https:\/\/www.myphotobook.it\/myinspirations\/fotolibro-opaco-o-lucido-quale-finitura-fa-per-te\/\" \/>\n<meta property=\"og:site_name\" content=\"MyInspirations * La rivista di MyPhotoBook\" \/>\n<meta property=\"article:publisher\" content=\"https:\/\/www.facebook.com\/myphotobookit\/\" \/>\n<meta property=\"article:published_time\" content=\"2025-07-01T16:34:57+00:00\" \/>\n<meta property=\"article:modified_time\" content=\"2025-07-02T10:26:54+00:00\" \/>\n<meta property=\"og:image\" content=\"https:\/\/www.myphotobook.it\/myinspirations\/wp-content\/uploads\/sites\/5\/2025\/07\/ftk-mpb-fotobuch-hardcover-echtfotobuch-a4-hoch-matt-glanz-f3.jpg\" \/>\n\t<meta property=\"og:image:width\" content=\"1780\" \/>\n\t<meta property=\"og:image:height\" content=\"1320\" \/>\n\t<meta property=\"og:image:type\" content=\"image\/jpeg\" \/>\n<meta name=\"author\" content=\"MyPhotoBook Redaktion\" \/>\n<meta name=\"twitter:card\" content=\"summary_large_image\" \/>\n<meta name=\"twitter:label1\" content=\"Scritto da\" \/>\n\t<meta name=\"twitter:data1\" content=\"MyPhotoBook Redaktion\" \/>\n\t<meta name=\"twitter:label2\" content=\"Tempo di lettura stimato\" \/>\n\t<meta name=\"twitter:data2\" content=\"6 minuti\" \/>\n<script type=\"application\/ld+json\" class=\"yoast-schema-graph\">{\"@context\":\"https:\\\/\\\/schema.org\",\"@graph\":[{\"@type\":\"Article\",\"@id\":\"https:\\\/\\\/www.myphotobook.it\\\/myinspirations\\\/fotolibro-opaco-o-lucido-quale-finitura-fa-per-te\\\/#article\",\"isPartOf\":{\"@id\":\"https:\\\/\\\/www.myphotobook.it\\\/myinspirations\\\/fotolibro-opaco-o-lucido-quale-finitura-fa-per-te\\\/\"},\"author\":{\"name\":\"MyPhotoBook Redaktion\",\"@id\":\"https:\\\/\\\/www.myphotobook.it\\\/myinspirations\\\/#\\\/schema\\\/person\\\/75b1b10c543c7bfa6909939e4a74dba9\"},\"headline\":\"Fotolibro opaco o lucido: quale finitura fa per te?\",\"datePublished\":\"2025-07-01T16:34:57+00:00\",\"dateModified\":\"2025-07-02T10:26:54+00:00\",\"mainEntityOfPage\":{\"@id\":\"https:\\\/\\\/www.myphotobook.it\\\/myinspirations\\\/fotolibro-opaco-o-lucido-quale-finitura-fa-per-te\\\/\"},\"wordCount\":773,\"publisher\":{\"@id\":\"https:\\\/\\\/www.myphotobook.it\\\/myinspirations\\\/#organization\"},\"image\":{\"@id\":\"https:\\\/\\\/www.myphotobook.it\\\/myinspirations\\\/fotolibro-opaco-o-lucido-quale-finitura-fa-per-te\\\/#primaryimage\"},\"thumbnailUrl\":\"https:\\\/\\\/www.myphotobook.it\\\/myinspirations\\\/wp-content\\\/uploads\\\/sites\\\/5\\\/2025\\\/07\\\/ftk-mpb-fotobuch-hardcover-echtfotobuch-a4-hoch-matt-glanz-f3.jpg\",\"articleSection\":[\"Prodotti fotografici\"],\"inLanguage\":\"it-IT\"},{\"@type\":\"WebPage\",\"@id\":\"https:\\\/\\\/www.myphotobook.it\\\/myinspirations\\\/fotolibro-opaco-o-lucido-quale-finitura-fa-per-te\\\/\",\"url\":\"https:\\\/\\\/www.myphotobook.it\\\/myinspirations\\\/fotolibro-opaco-o-lucido-quale-finitura-fa-per-te\\\/\",\"name\":\"Fotolibro opaco o lucido: quale finitura fa per te?\",\"isPartOf\":{\"@id\":\"https:\\\/\\\/www.myphotobook.it\\\/myinspirations\\\/#website\"},\"primaryImageOfPage\":{\"@id\":\"https:\\\/\\\/www.myphotobook.it\\\/myinspirations\\\/fotolibro-opaco-o-lucido-quale-finitura-fa-per-te\\\/#primaryimage\"},\"image\":{\"@id\":\"https:\\\/\\\/www.myphotobook.it\\\/myinspirations\\\/fotolibro-opaco-o-lucido-quale-finitura-fa-per-te\\\/#primaryimage\"},\"thumbnailUrl\":\"https:\\\/\\\/www.myphotobook.it\\\/myinspirations\\\/wp-content\\\/uploads\\\/sites\\\/5\\\/2025\\\/07\\\/ftk-mpb-fotobuch-hardcover-echtfotobuch-a4-hoch-matt-glanz-f3.jpg\",\"datePublished\":\"2025-07-01T16:34:57+00:00\",\"dateModified\":\"2025-07-02T10:26:54+00:00\",\"description\":\"Fotolibro opaco o lucido? Scopri quale finitura valorizza meglio le tue foto. Confrontate i vantaggi per fare la scelta giusta. \ud83d\udcd6\",\"breadcrumb\":{\"@id\":\"https:\\\/\\\/www.myphotobook.it\\\/myinspirations\\\/fotolibro-opaco-o-lucido-quale-finitura-fa-per-te\\\/#breadcrumb\"},\"inLanguage\":\"it-IT\",\"potentialAction\":[{\"@type\":\"ReadAction\",\"target\":[\"https:\\\/\\\/www.myphotobook.it\\\/myinspirations\\\/fotolibro-opaco-o-lucido-quale-finitura-fa-per-te\\\/\"]}]},{\"@type\":\"ImageObject\",\"inLanguage\":\"it-IT\",\"@id\":\"https:\\\/\\\/www.myphotobook.it\\\/myinspirations\\\/fotolibro-opaco-o-lucido-quale-finitura-fa-per-te\\\/#primaryimage\",\"url\":\"https:\\\/\\\/www.myphotobook.it\\\/myinspirations\\\/wp-content\\\/uploads\\\/sites\\\/5\\\/2025\\\/07\\\/ftk-mpb-fotobuch-hardcover-echtfotobuch-a4-hoch-matt-glanz-f3.jpg\",\"contentUrl\":\"https:\\\/\\\/www.myphotobook.it\\\/myinspirations\\\/wp-content\\\/uploads\\\/sites\\\/5\\\/2025\\\/07\\\/ftk-mpb-fotobuch-hardcover-echtfotobuch-a4-hoch-matt-glanz-f3.jpg\",\"width\":1780,\"height\":1320,\"caption\":\"Fotolibro opaco o lucido: quale finitura fa per te?\"},{\"@type\":\"BreadcrumbList\",\"@id\":\"https:\\\/\\\/www.myphotobook.it\\\/myinspirations\\\/fotolibro-opaco-o-lucido-quale-finitura-fa-per-te\\\/#breadcrumb\",\"itemListElement\":[{\"@type\":\"ListItem\",\"position\":1,\"name\":\"Startseite\",\"item\":\"https:\\\/\\\/www.myphotobook.it\\\/myinspirations\\\/\"},{\"@type\":\"ListItem\",\"position\":2,\"name\":\"Fotolibro opaco o lucido: quale finitura fa per te?\"}]},{\"@type\":\"WebSite\",\"@id\":\"https:\\\/\\\/www.myphotobook.it\\\/myinspirations\\\/#website\",\"url\":\"https:\\\/\\\/www.myphotobook.it\\\/myinspirations\\\/\",\"name\":\"MyInspirations\",\"description\":\"\",\"publisher\":{\"@id\":\"https:\\\/\\\/www.myphotobook.it\\\/myinspirations\\\/#organization\"},\"alternateName\":\"La rivista di MyPhotoBook\",\"potentialAction\":[{\"@type\":\"SearchAction\",\"target\":{\"@type\":\"EntryPoint\",\"urlTemplate\":\"https:\\\/\\\/www.myphotobook.it\\\/myinspirations\\\/?s={search_term_string}\"},\"query-input\":{\"@type\":\"PropertyValueSpecification\",\"valueRequired\":true,\"valueName\":\"search_term_string\"}}],\"inLanguage\":\"it-IT\"},{\"@type\":\"Organization\",\"@id\":\"https:\\\/\\\/www.myphotobook.it\\\/myinspirations\\\/#organization\",\"name\":\"myphotobook GmbH\",\"alternateName\":\"myphotobook\",\"url\":\"https:\\\/\\\/www.myphotobook.it\\\/myinspirations\\\/\",\"logo\":{\"@type\":\"ImageObject\",\"inLanguage\":\"it-IT\",\"@id\":\"https:\\\/\\\/www.myphotobook.it\\\/myinspirations\\\/#\\\/schema\\\/logo\\\/image\\\/\",\"url\":\"https:\\\/\\\/www.myphotobook.it\\\/myinspirations\\\/wp-content\\\/uploads\\\/sites\\\/5\\\/2023\\\/03\\\/myphotobook-logo.png\",\"contentUrl\":\"https:\\\/\\\/www.myphotobook.it\\\/myinspirations\\\/wp-content\\\/uploads\\\/sites\\\/5\\\/2023\\\/03\\\/myphotobook-logo.png\",\"width\":600,\"height\":600,\"caption\":\"myphotobook GmbH\"},\"image\":{\"@id\":\"https:\\\/\\\/www.myphotobook.it\\\/myinspirations\\\/#\\\/schema\\\/logo\\\/image\\\/\"},\"sameAs\":[\"https:\\\/\\\/www.facebook.com\\\/myphotobookit\\\/\"]},{\"@type\":\"Person\",\"@id\":\"https:\\\/\\\/www.myphotobook.it\\\/myinspirations\\\/#\\\/schema\\\/person\\\/75b1b10c543c7bfa6909939e4a74dba9\",\"name\":\"MyPhotoBook Redaktion\"}]}<\/script>\n<!-- \/ Yoast SEO Premium plugin. -->","yoast_head_json":{"title":"Fotolibro opaco o lucido: quale finitura fa per te?","description":"Fotolibro opaco o lucido? Scopri quale finitura valorizza meglio le tue foto. Confrontate i vantaggi per fare la scelta giusta. \ud83d\udcd6","robots":{"index":"index","follow":"follow","max-snippet":"max-snippet:-1","max-image-preview":"max-image-preview:large","max-video-preview":"max-video-preview:-1"},"canonical":"https:\/\/www.myphotobook.it\/myinspirations\/fotolibro-opaco-o-lucido-quale-finitura-fa-per-te\/","og_locale":"it_IT","og_type":"article","og_title":"Fotolibro opaco o lucido: quale finitura fa per te?","og_description":"Fotolibro opaco o lucido? Scopri quale finitura valorizza meglio le tue foto. Confrontate i vantaggi per fare la scelta giusta. \ud83d\udcd6","og_url":"https:\/\/www.myphotobook.it\/myinspirations\/fotolibro-opaco-o-lucido-quale-finitura-fa-per-te\/","og_site_name":"MyInspirations * La rivista di MyPhotoBook","article_publisher":"https:\/\/www.facebook.com\/myphotobookit\/","article_published_time":"2025-07-01T16:34:57+00:00","article_modified_time":"2025-07-02T10:26:54+00:00","og_image":[{"width":1780,"height":1320,"url":"https:\/\/www.myphotobook.it\/myinspirations\/wp-content\/uploads\/sites\/5\/2025\/07\/ftk-mpb-fotobuch-hardcover-echtfotobuch-a4-hoch-matt-glanz-f3.jpg","type":"image\/jpeg"}],"author":"MyPhotoBook Redaktion","twitter_card":"summary_large_image","twitter_misc":{"Scritto da":"MyPhotoBook Redaktion","Tempo di lettura stimato":"6 minuti"},"schema":{"@context":"https:\/\/schema.org","@graph":[{"@type":"Article","@id":"https:\/\/www.myphotobook.it\/myinspirations\/fotolibro-opaco-o-lucido-quale-finitura-fa-per-te\/#article","isPartOf":{"@id":"https:\/\/www.myphotobook.it\/myinspirations\/fotolibro-opaco-o-lucido-quale-finitura-fa-per-te\/"},"author":{"name":"MyPhotoBook Redaktion","@id":"https:\/\/www.myphotobook.it\/myinspirations\/#\/schema\/person\/75b1b10c543c7bfa6909939e4a74dba9"},"headline":"Fotolibro opaco o lucido: quale finitura fa per te?","datePublished":"2025-07-01T16:34:57+00:00","dateModified":"2025-07-02T10:26:54+00:00","mainEntityOfPage":{"@id":"https:\/\/www.myphotobook.it\/myinspirations\/fotolibro-opaco-o-lucido-quale-finitura-fa-per-te\/"},"wordCount":773,"publisher":{"@id":"https:\/\/www.myphotobook.it\/myinspirations\/#organization"},"image":{"@id":"https:\/\/www.myphotobook.it\/myinspirations\/fotolibro-opaco-o-lucido-quale-finitura-fa-per-te\/#primaryimage"},"thumbnailUrl":"https:\/\/www.myphotobook.it\/myinspirations\/wp-content\/uploads\/sites\/5\/2025\/07\/ftk-mpb-fotobuch-hardcover-echtfotobuch-a4-hoch-matt-glanz-f3.jpg","articleSection":["Prodotti fotografici"],"inLanguage":"it-IT"},{"@type":"WebPage","@id":"https:\/\/www.myphotobook.it\/myinspirations\/fotolibro-opaco-o-lucido-quale-finitura-fa-per-te\/","url":"https:\/\/www.myphotobook.it\/myinspirations\/fotolibro-opaco-o-lucido-quale-finitura-fa-per-te\/","name":"Fotolibro opaco o lucido: quale finitura fa per te?","isPartOf":{"@id":"https:\/\/www.myphotobook.it\/myinspirations\/#website"},"primaryImageOfPage":{"@id":"https:\/\/www.myphotobook.it\/myinspirations\/fotolibro-opaco-o-lucido-quale-finitura-fa-per-te\/#primaryimage"},"image":{"@id":"https:\/\/www.myphotobook.it\/myinspirations\/fotolibro-opaco-o-lucido-quale-finitura-fa-per-te\/#primaryimage"},"thumbnailUrl":"https:\/\/www.myphotobook.it\/myinspirations\/wp-content\/uploads\/sites\/5\/2025\/07\/ftk-mpb-fotobuch-hardcover-echtfotobuch-a4-hoch-matt-glanz-f3.jpg","datePublished":"2025-07-01T16:34:57+00:00","dateModified":"2025-07-02T10:26:54+00:00","description":"Fotolibro opaco o lucido? Scopri quale finitura valorizza meglio le tue foto. Confrontate i vantaggi per fare la scelta giusta. \ud83d\udcd6","breadcrumb":{"@id":"https:\/\/www.myphotobook.it\/myinspirations\/fotolibro-opaco-o-lucido-quale-finitura-fa-per-te\/#breadcrumb"},"inLanguage":"it-IT","potentialAction":[{"@type":"ReadAction","target":["https:\/\/www.myphotobook.it\/myinspirations\/fotolibro-opaco-o-lucido-quale-finitura-fa-per-te\/"]}]},{"@type":"ImageObject","inLanguage":"it-IT","@id":"https:\/\/www.myphotobook.it\/myinspirations\/fotolibro-opaco-o-lucido-quale-finitura-fa-per-te\/#primaryimage","url":"https:\/\/www.myphotobook.it\/myinspirations\/wp-content\/uploads\/sites\/5\/2025\/07\/ftk-mpb-fotobuch-hardcover-echtfotobuch-a4-hoch-matt-glanz-f3.jpg","contentUrl":"https:\/\/www.myphotobook.it\/myinspirations\/wp-content\/uploads\/sites\/5\/2025\/07\/ftk-mpb-fotobuch-hardcover-echtfotobuch-a4-hoch-matt-glanz-f3.jpg","width":1780,"height":1320,"caption":"Fotolibro opaco o lucido: quale finitura fa per te?"},{"@type":"BreadcrumbList","@id":"https:\/\/www.myphotobook.it\/myinspirations\/fotolibro-opaco-o-lucido-quale-finitura-fa-per-te\/#breadcrumb","itemListElement":[{"@type":"ListItem","position":1,"name":"Startseite","item":"https:\/\/www.myphotobook.it\/myinspirations\/"},{"@type":"ListItem","position":2,"name":"Fotolibro opaco o lucido: quale finitura fa per te?"}]},{"@type":"WebSite","@id":"https:\/\/www.myphotobook.it\/myinspirations\/#website","url":"https:\/\/www.myphotobook.it\/myinspirations\/","name":"MyInspirations","description":"","publisher":{"@id":"https:\/\/www.myphotobook.it\/myinspirations\/#organization"},"alternateName":"La rivista di MyPhotoBook","potentialAction":[{"@type":"SearchAction","target":{"@type":"EntryPoint","urlTemplate":"https:\/\/www.myphotobook.it\/myinspirations\/?s={search_term_string}"},"query-input":{"@type":"PropertyValueSpecification","valueRequired":true,"valueName":"search_term_string"}}],"inLanguage":"it-IT"},{"@type":"Organization","@id":"https:\/\/www.myphotobook.it\/myinspirations\/#organization","name":"myphotobook GmbH","alternateName":"myphotobook","url":"https:\/\/www.myphotobook.it\/myinspirations\/","logo":{"@type":"ImageObject","inLanguage":"it-IT","@id":"https:\/\/www.myphotobook.it\/myinspirations\/#\/schema\/logo\/image\/","url":"https:\/\/www.myphotobook.it\/myinspirations\/wp-content\/uploads\/sites\/5\/2023\/03\/myphotobook-logo.png","contentUrl":"https:\/\/www.myphotobook.it\/myinspirations\/wp-content\/uploads\/sites\/5\/2023\/03\/myphotobook-logo.png","width":600,"height":600,"caption":"myphotobook GmbH"},"image":{"@id":"https:\/\/www.myphotobook.it\/myinspirations\/#\/schema\/logo\/image\/"},"sameAs":["https:\/\/www.facebook.com\/myphotobookit\/"]},{"@type":"Person","@id":"https:\/\/www.myphotobook.it\/myinspirations\/#\/schema\/person\/75b1b10c543c7bfa6909939e4a74dba9","name":"MyPhotoBook Redaktion"}]}},"uagb_featured_image_src":{"full":["https:\/\/www.myphotobook.it\/myinspirations\/wp-content\/uploads\/sites\/5\/2025\/07\/ftk-mpb-fotobuch-hardcover-echtfotobuch-a4-hoch-matt-glanz-f3.jpg",1780,1320,false],"thumbnail":["https:\/\/www.myphotobook.it\/myinspirations\/wp-content\/uploads\/sites\/5\/2025\/07\/ftk-mpb-fotobuch-hardcover-echtfotobuch-a4-hoch-matt-glanz-f3-150x150.jpg",150,150,true],"medium":["https:\/\/www.myphotobook.it\/myinspirations\/wp-content\/uploads\/sites\/5\/2025\/07\/ftk-mpb-fotobuch-hardcover-echtfotobuch-a4-hoch-matt-glanz-f3-300x222.jpg",300,222,true],"medium_large":["https:\/\/www.myphotobook.it\/myinspirations\/wp-content\/uploads\/sites\/5\/2025\/07\/ftk-mpb-fotobuch-hardcover-echtfotobuch-a4-hoch-matt-glanz-f3-768x570.jpg",768,570,true],"large":["https:\/\/www.myphotobook.it\/myinspirations\/wp-content\/uploads\/sites\/5\/2025\/07\/ftk-mpb-fotobuch-hardcover-echtfotobuch-a4-hoch-matt-glanz-f3-1024x759.jpg",1024,759,true],"1536x1536":["https:\/\/www.myphotobook.it\/myinspirations\/wp-content\/uploads\/sites\/5\/2025\/07\/ftk-mpb-fotobuch-hardcover-echtfotobuch-a4-hoch-matt-glanz-f3-1536x1139.jpg",1536,1139,true],"2048x2048":["https:\/\/www.myphotobook.it\/myinspirations\/wp-content\/uploads\/sites\/5\/2025\/07\/ftk-mpb-fotobuch-hardcover-echtfotobuch-a4-hoch-matt-glanz-f3.jpg",1780,1320,false]},"uagb_author_info":{"display_name":"MyPhotoBook Redaktion","author_link":"https:\/\/www.myphotobook.it\/myinspirations\/author\/myphotobookit\/"},"uagb_comment_info":0,"uagb_excerpt":"Scegliere tra un fotolibro opaco o lucido \u00e8 una decisione molto personale. Hai gi\u00e0 selezionato le tue foto preferite, hai pensato al layout\u2026 e poi arriva la domanda: meglio opaco o lucido? Pu\u00f2 sembrare un dettaglio, ma influisce notevolmente sull\u2019aspetto finale del tuo fotolibro. Per aiutarti a decidere senza troppi dubbi, ti spieghiamo cosa considerare.&hellip;","_links":{"self":[{"href":"https:\/\/www.myphotobook.it\/myinspirations\/wp-json\/wp\/v2\/posts\/3648","targetHints":{"allow":["GET"]}}],"collection":[{"href":"https:\/\/www.myphotobook.it\/myinspirations\/wp-json\/wp\/v2\/posts"}],"about":[{"href":"https:\/\/www.myphotobook.it\/myinspirations\/wp-json\/wp\/v2\/types\/post"}],"author":[{"embeddable":true,"href":"https:\/\/www.myphotobook.it\/myinspirations\/wp-json\/wp\/v2\/users\/6"}],"replies":[{"embeddable":true,"href":"https:\/\/www.myphotobook.it\/myinspirations\/wp-json\/wp\/v2\/comments?post=3648"}],"version-history":[{"count":4,"href":"https:\/\/www.myphotobook.it\/myinspirations\/wp-json\/wp\/v2\/posts\/3648\/revisions"}],"predecessor-version":[{"id":3657,"href":"https:\/\/www.myphotobook.it\/myinspirations\/wp-json\/wp\/v2\/posts\/3648\/revisions\/3657"}],"wp:featuredmedia":[{"embeddable":true,"href":"https:\/\/www.myphotobook.it\/myinspirations\/wp-json\/wp\/v2\/media\/3649"}],"wp:attachment":[{"href":"https:\/\/www.myphotobook.it\/myinspirations\/wp-json\/wp\/v2\/media?parent=3648"}],"wp:term":[{"taxonomy":"category","embeddable":true,"href":"https:\/\/www.myphotobook.it\/myinspirations\/wp-json\/wp\/v2\/categories?post=3648"},{"taxonomy":"post_tag","embeddable":true,"href":"https:\/\/www.myphotobook.it\/myinspirations\/wp-json\/wp\/v2\/tags?post=3648"}],"curies":[{"name":"wp","href":"https:\/\/api.w.org\/{rel}","templated":true}]}}