{"id":3688,"date":"2025-08-04T12:30:44","date_gmt":"2025-08-04T10:30:44","guid":{"rendered":"https:\/\/www.myphotobook.it\/myinspirations\/?p=3688"},"modified":"2025-08-04T12:27:25","modified_gmt":"2025-08-04T10:27:25","slug":"foto-vacanze-5-consigli-semplici","status":"publish","type":"post","link":"https:\/\/www.myphotobook.it\/myinspirations\/foto-vacanze-5-consigli-semplici\/","title":{"rendered":"Foto vacanze: 5 consigli semplici"},"content":{"rendered":"<p>Estate, sole e&#8230; foto vacanze! Che tu vada al mare o in montagna, in vacanza non pu\u00f2 mancare la fotocamera. Come ottenere con semplicit\u00e0 scatti meravigliosi e ricordi unici delle vacanze? Ce lo racconta Kerstin \u2013 la nostra fotografa professionista, che con piacere condivide i suoi trucchi facilissimi per fotografare durante i viaggi.<\/p>\n<h2>La vacanza \u00e8 il momento pi\u00f9 bello dell\u2019anno<\/h2>\n<p>Le vacanze servono innanzitutto a rilassarsi. Finalmente hai tempo, calma e spazio per goderti il momento. Ti lasci ispirare dai luoghi, respiri profondamente e ti godi appieno ogni istante.<\/p>\n<p>E cosa c\u2019\u00e8 di meglio che catturare questi attimi in splendide foto vacanze? Ricordi che, anche nei giorni pi\u00f9 stressanti, riescono a farti sorridere. Basta sfogliare <a href=\"https:\/\/www.myphotobook.it\/fotolibro\">fotolibro<\/a> per sentire di nuovo il rumore del mare, l\u2019aroma delle piante mediterranee e perdersi nei sogni della prossima avventura.<\/p>\n<p>Che si tratti di spiaggia, citt\u00e0 o trekking in montagna \u2013 la fotocamera \u00e8 un must!<\/p>\n<p style=\"text-align: center\"><a class=\"maxbutton-1 maxbutton maxbutton-produktempfehlung\" title=\"Progetta ora\" href=\"https:\/\/www.myphotobook.it\/fotolibro\"><span class='mb-text'>Crea il tuo fotolibro ora<\/span><\/a>\n<h2>5 consigli per scattare foto vacanze da sogno<\/h2>\n<p>Per far s\u00ec che i tuoi ricordi non restino solo nella mente ma brillino anche nelle foto, ecco qualche trucco semplice ma davvero efficace. Niente termini complicati \u2013 solo piccoli accorgimenti per trasformare ogni scatto in una storia da raccontare.<\/p>\n<h3>1. Controlla l\u2019attrezzatura fotografica prima di partire<\/h3>\n<p>Prima di metterti in viaggio: fai un check alla tua attrezzatura. Funziona tutto? Fotocamera, obiettivi, batterie, schede di memoria \u2013 prova tutto, ricarica e rendi tutto pronto all\u2019uso.<\/p>\n<p>Ti potrebbe servire un treppiede? Una custodia impermeabile per lo smartphone in spiaggia? Anche una power bank pu\u00f2 salvarti la giornata se stai in giro per ore.<\/p>\n<p>\ud83d\udcdd <strong>Importante<\/strong>: sistema tutto in modo sicuro e protetto. Nessuno vuole graffi sull\u2019obiettivo o granelli di sabbia nello schermo. E se scatti col cellulare: libera la memoria o amplia lo spazio cloud, cos\u00ec non perderai nemmeno un momento speciale.<\/p>\n<div class=\"dom-green-box\"> Consiglio: crea una checklist da viaggio \u2013 cos\u00ec non dimentichi nulla e avrai pi\u00f9 tempo per i tramonti, meno per le frustrazioni tecniche. <\/div>\n<h3>2. Cambia prospettiva: gioca con gli angoli<\/h3>\n<p>La variet\u00e0 fa la differenza! Scattare sempre all\u2019altezza degli occhi pu\u00f2 risultare monotono.<\/p>\n<p>Rendi le tue foto vacanze pi\u00f9 interessanti cambiando prospettiva: sdraiati sotto l\u2019ombrellone e lascia parlare luce e ombra. Per scattare ai bambini che giocano in acqua, inginocchiati o buttati pure nella sabbia!<\/p>\n<p>Anche nei paesaggi, un albero o una collinetta in primo piano possono aggiungere profondit\u00e0 alla scena \u2013 e farla sembrare un dipinto da cartolina pi\u00f9 che uno scatto casuale.<\/p>\n<p><img decoding=\"async\" class=\"alignnone\" src=\"https:\/\/www.fotokasten.de\/blog\/wp-content\/uploads\/sites\/3\/2014\/07\/Perspektive.jpg\" alt=\"foto vacanze: Cambia prospettiva: gioca con gli angoli\" width=\"1024\" height=\"681\" \/><\/p>\n<h3>3. Regola dei terzi: una base per foto vacanze armoniose<\/h3>\n<p>Sembra tecnica, ma \u00e8 facilissima! Immagina la tua foto divisa da due linee orizzontali e due verticali \u2013 otterrai nove quadrati uguali. Questa griglia ti aiuta a posizionare correttamente il soggetto.<\/p>\n<p>Evita il centro: prova a collocare l\u2019elemento principale lungo una linea o in uno dei punti d\u2019intersezione. Ad esempio, al tramonto sul mare, non mettere l\u2019orizzonte al centro, ma pi\u00f9 in basso: il cielo avr\u00e0 pi\u00f9 spazio e lo scatto sar\u00e0 visivamente pi\u00f9 armonioso.<\/p>\n<p><img decoding=\"async\" class=\"alignnone\" src=\"https:\/\/www.myphotobook.de\/myinspirations\/wp-content\/uploads\/sites\/4\/2020\/06\/mpb-blog-urlaubsfotos-drittel-regel-min.jpg\" alt=\"Regola dei terzi: una base per foto vacanze armoniose\" width=\"1000\" height=\"741\" \/><\/p>\n<h3>4. Soggetti semplici? Falli brillare!<\/h3>\n<p>Le immagini pi\u00f9 suggestive spesso mostrano riflessi sull\u2019acqua o sulle superfici lucide. Il cielo che si specchia sul mare, le vetrine, le pozzanghere \u2013 tutto pu\u00f2 creare un effetto \u201cwow\u201d. Prova a cercare questi dettagli: aggiungono profondit\u00e0 e poesia alla foto.<\/p>\n<p>Queste immagini sono perfette anche per decorare casa: <a href=\"https:\/\/www.myphotobook.it\/decorazioni-da-parete\/tela\">una tela<\/a> o un <a href=\"https:\/\/www.myphotobook.it\/decorazioni-da-parete\/acrilico\">quadro in vetro acrilico<\/a> possono trasformarle in vere opere d\u2019arte.<\/p>\n<p><img decoding=\"async\" src=\"https:\/\/www.fotokasten.de\/blog\/wp-content\/uploads\/sites\/3\/2014\/07\/eberhard-grossgasteiger-282269-unsplash.jpg\" alt=\"Urlaubsfotos Tipps\" \/><\/p>\n<p>I tramonti? Ancora pi\u00f9 belli se c\u2019\u00e8 un elemento in primo piano: dune, fili d\u2019erba, una barca, un pontile, un edificio tipico&#8230; Tutto ci\u00f2 che rende unica la tua foto vacanze.<\/p>\n<p>A volte, ci\u00f2 che sembra un ostacolo pu\u00f2 valorizzare lo scatto: rami, archi, finestre aperte \u2013 incorniciano il soggetto in modo naturale e guidano lo sguardo dove vuoi tu.<\/p>\n<div class=\"dom-green-box\"> Non avere paura dei primi piani! La vacanza \u00e8 il momento ideale per giocare con la fotografia: conchiglie, frutta, pietre colorate, spezie, una tavola apparecchiata con amore \u2013 i dettagli nascondono spesso la vera magia. <\/div>\n<h3>5. Non sottovalutare i momenti spontanei<\/h3>\n<p>Non dimenticare i sorrisi improvvisi! Le foto vacanze non devono essere tutte studiate e perfette. Gli scatti spontanei catturano la vera essenza del momento.<\/p>\n<p>A volte sono proprio le immagini inaspettate a suscitare pi\u00f9 emozione: una risata a tavola, un castello di sabbia distrutto per sbaglio, una pioggia improvvisa durante la passeggiata in citt\u00e0. Sono vere, sincere, e mostrano te e i tuoi cari cos\u00ec come siete.<\/p>\n<p><img decoding=\"async\" class=\"alignnone\" src=\"https:\/\/www.fotokasten.de\/blog\/wp-content\/uploads\/sites\/3\/2014\/07\/Schnappschuss.jpg\" alt=\"foto vacanze\" width=\"1024\" height=\"683\" \/><\/p>\n<p>Dimentica ogni tanto le regole, il treppiede e l\u2019inquadratura perfetta \u2013 e scatta liberamente. Pi\u00f9 pratichi questi consigli, pi\u00f9 diventeranno automatici.<\/p>\n<h2>Buone vacanze&#8230; e foto vacanze meravigliosi!<\/h2>\n<p>Ti auguriamo una vacanza rilassante, piena di momenti emozionanti \u2013 e ovviamente tante bellissime foto vacanze!<\/p>\n<p>Hai scattato delle foto bellissime e autentiche, da vero professionista? Non lasciarle sullo smartphone! Trasformale in vere opere d\u2019arte \u2013 crea un fotolibro, una stampa su tela o trova ispirazione per un prodotto personalizzato con le foto vacanze pi\u00f9 belle della tua estate.<\/p>\n<div class=\"su-row\">\n<div class=\"su-column su-column-size-1-3\"><div class=\"su-column-inner su-u-clearfix su-u-trim\">\n<h4 style=\"text-align: center\">Fotolibro A4 verticale<\/h4>\n<p><a href=\"https:\/\/www.myphotobook.it\/fotolibro\/copertina-rigida\/a4-verticale\"><img decoding=\"async\" class=\"aligncenter wp-image-3612 size-medium\" src=\"https:\/\/www.myphotobook.it\/myinspirations\/wp-content\/uploads\/sites\/5\/2024\/12\/mpb-fotobuch-geburtstag-hardcover-a4-hoch-m-300x222.jpg\" alt=\"Idee per il vostro fotolibro: 7 consigli pratici\" width=\"300\" height=\"222\" srcset=\"https:\/\/www.myphotobook.it\/myinspirations\/wp-content\/uploads\/sites\/5\/2024\/12\/mpb-fotobuch-geburtstag-hardcover-a4-hoch-m-300x222.jpg 300w, https:\/\/www.myphotobook.it\/myinspirations\/wp-content\/uploads\/sites\/5\/2024\/12\/mpb-fotobuch-geburtstag-hardcover-a4-hoch-m-1024x759.jpg 1024w, https:\/\/www.myphotobook.it\/myinspirations\/wp-content\/uploads\/sites\/5\/2024\/12\/mpb-fotobuch-geburtstag-hardcover-a4-hoch-m-768x570.jpg 768w, https:\/\/www.myphotobook.it\/myinspirations\/wp-content\/uploads\/sites\/5\/2024\/12\/mpb-fotobuch-geburtstag-hardcover-a4-hoch-m-1536x1139.jpg 1536w, https:\/\/www.myphotobook.it\/myinspirations\/wp-content\/uploads\/sites\/5\/2024\/12\/mpb-fotobuch-geburtstag-hardcover-a4-hoch-m.jpg 1780w\" sizes=\"(max-width: 300px) 100vw, 300px\" \/><\/a><\/p>\n<p style=\"text-align: center\"><a class=\"maxbutton-1 maxbutton maxbutton-produktempfehlung\" title=\"Progetta ora\" href=\"https:\/\/www.myphotobook.it\/fotolibro\/copertina-rigida\/a4-verticale\"><span class='mb-text'>Progettare ora<\/span><\/a>\n<\/div><\/div>\n<div class=\"su-column su-column-size-1-3\"><div class=\"su-column-inner su-u-clearfix su-u-trim\">\n<h4 style=\"text-align: center\">Ravensburger Memory<\/h4>\n<p><a href=\"https:\/\/www.myphotobook.it\/fotoregali\/giochi-ravensburger\/my-memory\"><img decoding=\"async\" class=\"aligncenter wp-image-3508 size-medium\" src=\"https:\/\/www.myphotobook.it\/myinspirations\/wp-content\/uploads\/sites\/5\/2017\/11\/titel-1-300x222.jpg\" alt=\"Foto vacanze Ravensburger Memory\" width=\"300\" height=\"222\" srcset=\"https:\/\/www.myphotobook.it\/myinspirations\/wp-content\/uploads\/sites\/5\/2017\/11\/titel-1-300x222.jpg 300w, https:\/\/www.myphotobook.it\/myinspirations\/wp-content\/uploads\/sites\/5\/2017\/11\/titel-1-768x569.jpg 768w, https:\/\/www.myphotobook.it\/myinspirations\/wp-content\/uploads\/sites\/5\/2017\/11\/titel-1.jpg 877w\" sizes=\"(max-width: 300px) 100vw, 300px\" \/><\/a><\/p>\n<p style=\"text-align: center\"><a class=\"maxbutton-1 maxbutton maxbutton-produktempfehlung\" title=\"Progetta ora\" href=\"https:\/\/www.myphotobook.it\/fotoregali\/giochi-ravensburger\/my-memory\"><span class='mb-text'>Progettare ora<\/span><\/a>\n<\/div><\/div>\n<div class=\"su-column su-column-size-1-3\"><div class=\"su-column-inner su-u-clearfix su-u-trim\">\n<h4 style=\"text-align: center\">Tela con cornice<\/h4>\n<p><a href=\"https:\/\/www.myphotobook.it\/decorazioni-da-parete\/tela-con-cornice\/ritratto\/20x30\"><img decoding=\"async\" class=\"aligncenter wp-image-3629 size-medium\" src=\"https:\/\/www.myphotobook.it\/myinspirations\/wp-content\/uploads\/sites\/5\/2025\/06\/Reihenanordnung-300x222.jpg\" alt=\"Disposizione a fila: linee dritte, grande effetto\" width=\"300\" height=\"222\" srcset=\"https:\/\/www.myphotobook.it\/myinspirations\/wp-content\/uploads\/sites\/5\/2025\/06\/Reihenanordnung-300x222.jpg 300w, https:\/\/www.myphotobook.it\/myinspirations\/wp-content\/uploads\/sites\/5\/2025\/06\/Reihenanordnung-1024x759.jpg 1024w, https:\/\/www.myphotobook.it\/myinspirations\/wp-content\/uploads\/sites\/5\/2025\/06\/Reihenanordnung-768x570.jpg 768w, https:\/\/www.myphotobook.it\/myinspirations\/wp-content\/uploads\/sites\/5\/2025\/06\/Reihenanordnung-1536x1139.jpg 1536w, https:\/\/www.myphotobook.it\/myinspirations\/wp-content\/uploads\/sites\/5\/2025\/06\/Reihenanordnung.jpg 1780w\" sizes=\"(max-width: 300px) 100vw, 300px\" \/><\/a><\/p>\n<p style=\"text-align: center\"><a class=\"maxbutton-1 maxbutton maxbutton-produktempfehlung\" title=\"Progetta ora\" href=\"https:\/\/www.myphotobook.it\/decorazioni-da-parete\/tela-con-cornice\/ritratto\/20x30\"><span class='mb-text'>Progettare ora<\/span><\/a>\n<\/div><\/div>\n<\/div>\n","protected":false},"excerpt":{"rendered":"<p>Estate, sole e&#8230; foto vacanze! Che tu vada al mare o in montagna, in vacanza non pu\u00f2 mancare la fotocamera. Come ottenere con semplicit\u00e0 scatti meravigliosi e ricordi unici delle vacanze? Ce lo racconta Kerstin \u2013 la nostra fotografa professionista, che con piacere condivide i suoi trucchi facilissimi per fotografare durante i viaggi. La vacanza [&hellip;]<\/p>\n","protected":false},"author":6,"featured_media":3690,"comment_status":"closed","ping_status":"closed","sticky":false,"template":"","format":"standard","meta":{"inline_featured_image":false,"_uag_custom_page_level_css":"","site-sidebar-layout":"default","site-content-layout":"","ast-site-content-layout":"default","site-content-style":"default","site-sidebar-style":"default","ast-global-header-display":"","ast-banner-title-visibility":"","ast-main-header-display":"","ast-hfb-above-header-display":"","ast-hfb-below-header-display":"","ast-hfb-mobile-header-display":"","site-post-title":"","ast-breadcrumbs-content":"","ast-featured-img":"","footer-sml-layout":"","ast-disable-related-posts":"","theme-transparent-header-meta":"default","adv-header-id-meta":"","stick-header-meta":"default","header-above-stick-meta":"","header-main-stick-meta":"","header-below-stick-meta":"","astra-migrate-meta-layouts":"set","ast-page-background-enabled":"default","ast-page-background-meta":{"desktop":{"background-color":"var(--ast-global-color-4)","background-image":"","background-repeat":"repeat","background-position":"center center","background-size":"auto","background-attachment":"scroll","background-type":"","background-media":"","overlay-type":"","overlay-color":"","overlay-opacity":"","overlay-gradient":""},"tablet":{"background-color":"","background-image":"","background-repeat":"repeat","background-position":"center center","background-size":"auto","background-attachment":"scroll","background-type":"","background-media":"","overlay-type":"","overlay-color":"","overlay-opacity":"","overlay-gradient":""},"mobile":{"background-color":"","background-image":"","background-repeat":"repeat","background-position":"center center","background-size":"auto","background-attachment":"scroll","background-type":"","background-media":"","overlay-type":"","overlay-color":"","overlay-opacity":"","overlay-gradient":""}},"ast-content-background-meta":{"desktop":{"background-color":"var(--ast-global-color-5)","background-image":"","background-repeat":"repeat","background-position":"center center","background-size":"auto","background-attachment":"scroll","background-type":"","background-media":"","overlay-type":"","overlay-color":"","overlay-opacity":"","overlay-gradient":""},"tablet":{"background-color":"var(--ast-global-color-5)","background-image":"","background-repeat":"repeat","background-position":"center center","background-size":"auto","background-attachment":"scroll","background-type":"","background-media":"","overlay-type":"","overlay-color":"","overlay-opacity":"","overlay-gradient":""},"mobile":{"background-color":"var(--ast-global-color-5)","background-image":"","background-repeat":"repeat","background-position":"center center","background-size":"auto","background-attachment":"scroll","background-type":"","background-media":"","overlay-type":"","overlay-color":"","overlay-opacity":"","overlay-gradient":""}},"footnotes":""},"categories":[3],"tags":[],"class_list":["post-3688","post","type-post","status-publish","format-standard","has-post-thumbnail","hentry","category-fotografia"],"yoast_head":"<!-- This site is optimized with the Yoast SEO Premium plugin v28.4 (Yoast SEO v28.4) - https:\/\/yoast.com\/product\/yoast-seo-premium-wordpress\/ -->\n<title>Foto vacanze: 5 consigli semplici<\/title>\n<meta name=\"description\" content=\"Consigli semplici per scattare foto vacanze perfette: crea ricordi unici con trucchi facili da usare, anche con lo smartphone! \ud83d\udcf8\" \/>\n<meta name=\"robots\" content=\"index, follow, max-snippet:-1, max-image-preview:large, max-video-preview:-1\" \/>\n<link rel=\"canonical\" href=\"https:\/\/www.myphotobook.it\/myinspirations\/foto-vacanze-5-consigli-semplici\/\" \/>\n<meta property=\"og:locale\" content=\"it_IT\" \/>\n<meta property=\"og:type\" content=\"article\" \/>\n<meta property=\"og:title\" content=\"Foto vacanze: 5 consigli semplici\" \/>\n<meta property=\"og:description\" content=\"Consigli semplici per scattare foto vacanze perfette: crea ricordi unici con trucchi facili da usare, anche con lo smartphone! \ud83d\udcf8\" \/>\n<meta property=\"og:url\" content=\"https:\/\/www.myphotobook.it\/myinspirations\/foto-vacanze-5-consigli-semplici\/\" \/>\n<meta property=\"og:site_name\" content=\"MyInspirations * La rivista di MyPhotoBook\" \/>\n<meta property=\"article:publisher\" content=\"https:\/\/www.facebook.com\/myphotobookit\/\" \/>\n<meta property=\"article:published_time\" content=\"2025-08-04T10:30:44+00:00\" \/>\n<meta property=\"og:image\" content=\"https:\/\/www.myphotobook.it\/myinspirations\/wp-content\/uploads\/sites\/5\/2025\/07\/AdobeStock_227093969-scaled.jpeg\" \/>\n\t<meta property=\"og:image:width\" content=\"2560\" \/>\n\t<meta property=\"og:image:height\" content=\"1661\" \/>\n\t<meta property=\"og:image:type\" content=\"image\/jpeg\" \/>\n<meta name=\"author\" content=\"MyPhotoBook Redaktion\" \/>\n<meta name=\"twitter:card\" content=\"summary_large_image\" \/>\n<meta name=\"twitter:label1\" content=\"Scritto da\" \/>\n\t<meta name=\"twitter:data1\" content=\"MyPhotoBook Redaktion\" \/>\n\t<meta name=\"twitter:label2\" content=\"Tempo di lettura stimato\" \/>\n\t<meta name=\"twitter:data2\" content=\"7 minuti\" \/>\n<script type=\"application\/ld+json\" class=\"yoast-schema-graph\">{\"@context\":\"https:\\\/\\\/schema.org\",\"@graph\":[{\"@type\":\"Article\",\"@id\":\"https:\\\/\\\/www.myphotobook.it\\\/myinspirations\\\/foto-vacanze-5-consigli-semplici\\\/#article\",\"isPartOf\":{\"@id\":\"https:\\\/\\\/www.myphotobook.it\\\/myinspirations\\\/foto-vacanze-5-consigli-semplici\\\/\"},\"author\":{\"name\":\"MyPhotoBook Redaktion\",\"@id\":\"https:\\\/\\\/www.myphotobook.it\\\/myinspirations\\\/#\\\/schema\\\/person\\\/75b1b10c543c7bfa6909939e4a74dba9\"},\"headline\":\"Foto vacanze: 5 consigli semplici\",\"datePublished\":\"2025-08-04T10:30:44+00:00\",\"mainEntityOfPage\":{\"@id\":\"https:\\\/\\\/www.myphotobook.it\\\/myinspirations\\\/foto-vacanze-5-consigli-semplici\\\/\"},\"wordCount\":899,\"publisher\":{\"@id\":\"https:\\\/\\\/www.myphotobook.it\\\/myinspirations\\\/#organization\"},\"image\":{\"@id\":\"https:\\\/\\\/www.myphotobook.it\\\/myinspirations\\\/foto-vacanze-5-consigli-semplici\\\/#primaryimage\"},\"thumbnailUrl\":\"https:\\\/\\\/www.myphotobook.it\\\/myinspirations\\\/wp-content\\\/uploads\\\/sites\\\/5\\\/2025\\\/07\\\/AdobeStock_227093969-scaled.jpeg\",\"articleSection\":[\"Fotografia\"],\"inLanguage\":\"it-IT\"},{\"@type\":\"WebPage\",\"@id\":\"https:\\\/\\\/www.myphotobook.it\\\/myinspirations\\\/foto-vacanze-5-consigli-semplici\\\/\",\"url\":\"https:\\\/\\\/www.myphotobook.it\\\/myinspirations\\\/foto-vacanze-5-consigli-semplici\\\/\",\"name\":\"Foto vacanze: 5 consigli semplici\",\"isPartOf\":{\"@id\":\"https:\\\/\\\/www.myphotobook.it\\\/myinspirations\\\/#website\"},\"primaryImageOfPage\":{\"@id\":\"https:\\\/\\\/www.myphotobook.it\\\/myinspirations\\\/foto-vacanze-5-consigli-semplici\\\/#primaryimage\"},\"image\":{\"@id\":\"https:\\\/\\\/www.myphotobook.it\\\/myinspirations\\\/foto-vacanze-5-consigli-semplici\\\/#primaryimage\"},\"thumbnailUrl\":\"https:\\\/\\\/www.myphotobook.it\\\/myinspirations\\\/wp-content\\\/uploads\\\/sites\\\/5\\\/2025\\\/07\\\/AdobeStock_227093969-scaled.jpeg\",\"datePublished\":\"2025-08-04T10:30:44+00:00\",\"description\":\"Consigli semplici per scattare foto vacanze perfette: crea ricordi unici con trucchi facili da usare, anche con lo smartphone! \ud83d\udcf8\",\"breadcrumb\":{\"@id\":\"https:\\\/\\\/www.myphotobook.it\\\/myinspirations\\\/foto-vacanze-5-consigli-semplici\\\/#breadcrumb\"},\"inLanguage\":\"it-IT\",\"potentialAction\":[{\"@type\":\"ReadAction\",\"target\":[\"https:\\\/\\\/www.myphotobook.it\\\/myinspirations\\\/foto-vacanze-5-consigli-semplici\\\/\"]}]},{\"@type\":\"ImageObject\",\"inLanguage\":\"it-IT\",\"@id\":\"https:\\\/\\\/www.myphotobook.it\\\/myinspirations\\\/foto-vacanze-5-consigli-semplici\\\/#primaryimage\",\"url\":\"https:\\\/\\\/www.myphotobook.it\\\/myinspirations\\\/wp-content\\\/uploads\\\/sites\\\/5\\\/2025\\\/07\\\/AdobeStock_227093969-scaled.jpeg\",\"contentUrl\":\"https:\\\/\\\/www.myphotobook.it\\\/myinspirations\\\/wp-content\\\/uploads\\\/sites\\\/5\\\/2025\\\/07\\\/AdobeStock_227093969-scaled.jpeg\",\"width\":2560,\"height\":1661,\"caption\":\"Foto vacanze: 5 consigli semplici\"},{\"@type\":\"BreadcrumbList\",\"@id\":\"https:\\\/\\\/www.myphotobook.it\\\/myinspirations\\\/foto-vacanze-5-consigli-semplici\\\/#breadcrumb\",\"itemListElement\":[{\"@type\":\"ListItem\",\"position\":1,\"name\":\"Startseite\",\"item\":\"https:\\\/\\\/www.myphotobook.it\\\/myinspirations\\\/\"},{\"@type\":\"ListItem\",\"position\":2,\"name\":\"Foto vacanze: 5 consigli semplici\"}]},{\"@type\":\"WebSite\",\"@id\":\"https:\\\/\\\/www.myphotobook.it\\\/myinspirations\\\/#website\",\"url\":\"https:\\\/\\\/www.myphotobook.it\\\/myinspirations\\\/\",\"name\":\"MyInspirations\",\"description\":\"\",\"publisher\":{\"@id\":\"https:\\\/\\\/www.myphotobook.it\\\/myinspirations\\\/#organization\"},\"alternateName\":\"La rivista di MyPhotoBook\",\"potentialAction\":[{\"@type\":\"SearchAction\",\"target\":{\"@type\":\"EntryPoint\",\"urlTemplate\":\"https:\\\/\\\/www.myphotobook.it\\\/myinspirations\\\/?s={search_term_string}\"},\"query-input\":{\"@type\":\"PropertyValueSpecification\",\"valueRequired\":true,\"valueName\":\"search_term_string\"}}],\"inLanguage\":\"it-IT\"},{\"@type\":\"Organization\",\"@id\":\"https:\\\/\\\/www.myphotobook.it\\\/myinspirations\\\/#organization\",\"name\":\"myphotobook GmbH\",\"alternateName\":\"myphotobook\",\"url\":\"https:\\\/\\\/www.myphotobook.it\\\/myinspirations\\\/\",\"logo\":{\"@type\":\"ImageObject\",\"inLanguage\":\"it-IT\",\"@id\":\"https:\\\/\\\/www.myphotobook.it\\\/myinspirations\\\/#\\\/schema\\\/logo\\\/image\\\/\",\"url\":\"https:\\\/\\\/www.myphotobook.it\\\/myinspirations\\\/wp-content\\\/uploads\\\/sites\\\/5\\\/2023\\\/03\\\/myphotobook-logo.png\",\"contentUrl\":\"https:\\\/\\\/www.myphotobook.it\\\/myinspirations\\\/wp-content\\\/uploads\\\/sites\\\/5\\\/2023\\\/03\\\/myphotobook-logo.png\",\"width\":600,\"height\":600,\"caption\":\"myphotobook GmbH\"},\"image\":{\"@id\":\"https:\\\/\\\/www.myphotobook.it\\\/myinspirations\\\/#\\\/schema\\\/logo\\\/image\\\/\"},\"sameAs\":[\"https:\\\/\\\/www.facebook.com\\\/myphotobookit\\\/\"]},{\"@type\":\"Person\",\"@id\":\"https:\\\/\\\/www.myphotobook.it\\\/myinspirations\\\/#\\\/schema\\\/person\\\/75b1b10c543c7bfa6909939e4a74dba9\",\"name\":\"MyPhotoBook Redaktion\"}]}<\/script>\n<!-- \/ Yoast SEO Premium plugin. -->","yoast_head_json":{"title":"Foto vacanze: 5 consigli semplici","description":"Consigli semplici per scattare foto vacanze perfette: crea ricordi unici con trucchi facili da usare, anche con lo smartphone! \ud83d\udcf8","robots":{"index":"index","follow":"follow","max-snippet":"max-snippet:-1","max-image-preview":"max-image-preview:large","max-video-preview":"max-video-preview:-1"},"canonical":"https:\/\/www.myphotobook.it\/myinspirations\/foto-vacanze-5-consigli-semplici\/","og_locale":"it_IT","og_type":"article","og_title":"Foto vacanze: 5 consigli semplici","og_description":"Consigli semplici per scattare foto vacanze perfette: crea ricordi unici con trucchi facili da usare, anche con lo smartphone! \ud83d\udcf8","og_url":"https:\/\/www.myphotobook.it\/myinspirations\/foto-vacanze-5-consigli-semplici\/","og_site_name":"MyInspirations * La rivista di MyPhotoBook","article_publisher":"https:\/\/www.facebook.com\/myphotobookit\/","article_published_time":"2025-08-04T10:30:44+00:00","og_image":[{"width":2560,"height":1661,"url":"https:\/\/www.myphotobook.it\/myinspirations\/wp-content\/uploads\/sites\/5\/2025\/07\/AdobeStock_227093969-scaled.jpeg","type":"image\/jpeg"}],"author":"MyPhotoBook Redaktion","twitter_card":"summary_large_image","twitter_misc":{"Scritto da":"MyPhotoBook Redaktion","Tempo di lettura stimato":"7 minuti"},"schema":{"@context":"https:\/\/schema.org","@graph":[{"@type":"Article","@id":"https:\/\/www.myphotobook.it\/myinspirations\/foto-vacanze-5-consigli-semplici\/#article","isPartOf":{"@id":"https:\/\/www.myphotobook.it\/myinspirations\/foto-vacanze-5-consigli-semplici\/"},"author":{"name":"MyPhotoBook Redaktion","@id":"https:\/\/www.myphotobook.it\/myinspirations\/#\/schema\/person\/75b1b10c543c7bfa6909939e4a74dba9"},"headline":"Foto vacanze: 5 consigli semplici","datePublished":"2025-08-04T10:30:44+00:00","mainEntityOfPage":{"@id":"https:\/\/www.myphotobook.it\/myinspirations\/foto-vacanze-5-consigli-semplici\/"},"wordCount":899,"publisher":{"@id":"https:\/\/www.myphotobook.it\/myinspirations\/#organization"},"image":{"@id":"https:\/\/www.myphotobook.it\/myinspirations\/foto-vacanze-5-consigli-semplici\/#primaryimage"},"thumbnailUrl":"https:\/\/www.myphotobook.it\/myinspirations\/wp-content\/uploads\/sites\/5\/2025\/07\/AdobeStock_227093969-scaled.jpeg","articleSection":["Fotografia"],"inLanguage":"it-IT"},{"@type":"WebPage","@id":"https:\/\/www.myphotobook.it\/myinspirations\/foto-vacanze-5-consigli-semplici\/","url":"https:\/\/www.myphotobook.it\/myinspirations\/foto-vacanze-5-consigli-semplici\/","name":"Foto vacanze: 5 consigli semplici","isPartOf":{"@id":"https:\/\/www.myphotobook.it\/myinspirations\/#website"},"primaryImageOfPage":{"@id":"https:\/\/www.myphotobook.it\/myinspirations\/foto-vacanze-5-consigli-semplici\/#primaryimage"},"image":{"@id":"https:\/\/www.myphotobook.it\/myinspirations\/foto-vacanze-5-consigli-semplici\/#primaryimage"},"thumbnailUrl":"https:\/\/www.myphotobook.it\/myinspirations\/wp-content\/uploads\/sites\/5\/2025\/07\/AdobeStock_227093969-scaled.jpeg","datePublished":"2025-08-04T10:30:44+00:00","description":"Consigli semplici per scattare foto vacanze perfette: crea ricordi unici con trucchi facili da usare, anche con lo smartphone! \ud83d\udcf8","breadcrumb":{"@id":"https:\/\/www.myphotobook.it\/myinspirations\/foto-vacanze-5-consigli-semplici\/#breadcrumb"},"inLanguage":"it-IT","potentialAction":[{"@type":"ReadAction","target":["https:\/\/www.myphotobook.it\/myinspirations\/foto-vacanze-5-consigli-semplici\/"]}]},{"@type":"ImageObject","inLanguage":"it-IT","@id":"https:\/\/www.myphotobook.it\/myinspirations\/foto-vacanze-5-consigli-semplici\/#primaryimage","url":"https:\/\/www.myphotobook.it\/myinspirations\/wp-content\/uploads\/sites\/5\/2025\/07\/AdobeStock_227093969-scaled.jpeg","contentUrl":"https:\/\/www.myphotobook.it\/myinspirations\/wp-content\/uploads\/sites\/5\/2025\/07\/AdobeStock_227093969-scaled.jpeg","width":2560,"height":1661,"caption":"Foto vacanze: 5 consigli semplici"},{"@type":"BreadcrumbList","@id":"https:\/\/www.myphotobook.it\/myinspirations\/foto-vacanze-5-consigli-semplici\/#breadcrumb","itemListElement":[{"@type":"ListItem","position":1,"name":"Startseite","item":"https:\/\/www.myphotobook.it\/myinspirations\/"},{"@type":"ListItem","position":2,"name":"Foto vacanze: 5 consigli semplici"}]},{"@type":"WebSite","@id":"https:\/\/www.myphotobook.it\/myinspirations\/#website","url":"https:\/\/www.myphotobook.it\/myinspirations\/","name":"MyInspirations","description":"","publisher":{"@id":"https:\/\/www.myphotobook.it\/myinspirations\/#organization"},"alternateName":"La rivista di MyPhotoBook","potentialAction":[{"@type":"SearchAction","target":{"@type":"EntryPoint","urlTemplate":"https:\/\/www.myphotobook.it\/myinspirations\/?s={search_term_string}"},"query-input":{"@type":"PropertyValueSpecification","valueRequired":true,"valueName":"search_term_string"}}],"inLanguage":"it-IT"},{"@type":"Organization","@id":"https:\/\/www.myphotobook.it\/myinspirations\/#organization","name":"myphotobook GmbH","alternateName":"myphotobook","url":"https:\/\/www.myphotobook.it\/myinspirations\/","logo":{"@type":"ImageObject","inLanguage":"it-IT","@id":"https:\/\/www.myphotobook.it\/myinspirations\/#\/schema\/logo\/image\/","url":"https:\/\/www.myphotobook.it\/myinspirations\/wp-content\/uploads\/sites\/5\/2023\/03\/myphotobook-logo.png","contentUrl":"https:\/\/www.myphotobook.it\/myinspirations\/wp-content\/uploads\/sites\/5\/2023\/03\/myphotobook-logo.png","width":600,"height":600,"caption":"myphotobook GmbH"},"image":{"@id":"https:\/\/www.myphotobook.it\/myinspirations\/#\/schema\/logo\/image\/"},"sameAs":["https:\/\/www.facebook.com\/myphotobookit\/"]},{"@type":"Person","@id":"https:\/\/www.myphotobook.it\/myinspirations\/#\/schema\/person\/75b1b10c543c7bfa6909939e4a74dba9","name":"MyPhotoBook Redaktion"}]}},"uagb_featured_image_src":{"full":["https:\/\/www.myphotobook.it\/myinspirations\/wp-content\/uploads\/sites\/5\/2025\/07\/AdobeStock_227093969-scaled.jpeg",2560,1661,false],"thumbnail":["https:\/\/www.myphotobook.it\/myinspirations\/wp-content\/uploads\/sites\/5\/2025\/07\/AdobeStock_227093969-150x150.jpeg",150,150,true],"medium":["https:\/\/www.myphotobook.it\/myinspirations\/wp-content\/uploads\/sites\/5\/2025\/07\/AdobeStock_227093969-300x195.jpeg",300,195,true],"medium_large":["https:\/\/www.myphotobook.it\/myinspirations\/wp-content\/uploads\/sites\/5\/2025\/07\/AdobeStock_227093969-768x498.jpeg",768,498,true],"large":["https:\/\/www.myphotobook.it\/myinspirations\/wp-content\/uploads\/sites\/5\/2025\/07\/AdobeStock_227093969-1024x664.jpeg",1024,664,true],"1536x1536":["https:\/\/www.myphotobook.it\/myinspirations\/wp-content\/uploads\/sites\/5\/2025\/07\/AdobeStock_227093969-1536x996.jpeg",1536,996,true],"2048x2048":["https:\/\/www.myphotobook.it\/myinspirations\/wp-content\/uploads\/sites\/5\/2025\/07\/AdobeStock_227093969-2048x1329.jpeg",2048,1329,true]},"uagb_author_info":{"display_name":"MyPhotoBook Redaktion","author_link":"https:\/\/www.myphotobook.it\/myinspirations\/author\/myphotobookit\/"},"uagb_comment_info":0,"uagb_excerpt":"Estate, sole e&#8230; foto vacanze! Che tu vada al mare o in montagna, in vacanza non pu\u00f2 mancare la fotocamera. Come ottenere con semplicit\u00e0 scatti meravigliosi e ricordi unici delle vacanze? Ce lo racconta Kerstin \u2013 la nostra fotografa professionista, che con piacere condivide i suoi trucchi facilissimi per fotografare durante i viaggi. La vacanza&hellip;","_links":{"self":[{"href":"https:\/\/www.myphotobook.it\/myinspirations\/wp-json\/wp\/v2\/posts\/3688","targetHints":{"allow":["GET"]}}],"collection":[{"href":"https:\/\/www.myphotobook.it\/myinspirations\/wp-json\/wp\/v2\/posts"}],"about":[{"href":"https:\/\/www.myphotobook.it\/myinspirations\/wp-json\/wp\/v2\/types\/post"}],"author":[{"embeddable":true,"href":"https:\/\/www.myphotobook.it\/myinspirations\/wp-json\/wp\/v2\/users\/6"}],"replies":[{"embeddable":true,"href":"https:\/\/www.myphotobook.it\/myinspirations\/wp-json\/wp\/v2\/comments?post=3688"}],"version-history":[{"count":6,"href":"https:\/\/www.myphotobook.it\/myinspirations\/wp-json\/wp\/v2\/posts\/3688\/revisions"}],"predecessor-version":[{"id":3695,"href":"https:\/\/www.myphotobook.it\/myinspirations\/wp-json\/wp\/v2\/posts\/3688\/revisions\/3695"}],"wp:featuredmedia":[{"embeddable":true,"href":"https:\/\/www.myphotobook.it\/myinspirations\/wp-json\/wp\/v2\/media\/3690"}],"wp:attachment":[{"href":"https:\/\/www.myphotobook.it\/myinspirations\/wp-json\/wp\/v2\/media?parent=3688"}],"wp:term":[{"taxonomy":"category","embeddable":true,"href":"https:\/\/www.myphotobook.it\/myinspirations\/wp-json\/wp\/v2\/categories?post=3688"},{"taxonomy":"post_tag","embeddable":true,"href":"https:\/\/www.myphotobook.it\/myinspirations\/wp-json\/wp\/v2\/tags?post=3688"}],"curies":[{"name":"wp","href":"https:\/\/api.w.org\/{rel}","templated":true}]}}